{"id":836,"date":"2022-04-12T08:55:59","date_gmt":"2022-04-12T06:55:59","guid":{"rendered":"http:\/\/emvee.de\/wordpress\/?p=836"},"modified":"2022-04-12T08:55:59","modified_gmt":"2022-04-12T06:55:59","slug":"sakura-vibes","status":"publish","type":"post","link":"https:\/\/bildvogt.eu\/wordpress\/2022\/04\/12\/sakura-vibes\/","title":{"rendered":"Sakura Vibes"},"content":{"rendered":"\n<p>Jedes Jahr wieder eine Pracht und quasi das endg\u00fcltige Einl\u00e4uten des Fr\u00fchlings: Die Kirschbl\u00fcte. In Japan ist \u685c (Sakura) ja ein regelrechtes Event, das f\u00fcr Sch\u00f6nheit, Aufbruch und Verg\u00e4nglichkeit steht, und mit dem \u82b1\u898b (Hanami; Bl\u00fcten betrachten) einhergeht und f\u00fcr das es im Wetterbericht sogar extra Bl\u00fctenvorhersagen gibt. Aber auch au\u00dferhalb des Reichs der aufgehenden Sonne erfreut sich die Kirschbl\u00fcte gro\u00dfer Beliebtheit, mancherorts werden ganze Stra\u00dfen mit Kirschb\u00e4umen bepflanzt. <\/p>\n\n\n\n<p>Hier die Zierkirschen vor der Sch\u00e4fervilla im schw\u00e4bischen Neu-Ulm<\/p>\n\n\n\n<figure class=\"wp-block-image size-large\"><img loading=\"lazy\" decoding=\"async\" width=\"1024\" height=\"701\" src=\"http:\/\/emvee.de\/wordpress\/wp-content\/uploads\/2022\/04\/IMG9984-1024x701.jpg\" alt=\"\" class=\"wp-image-837\" srcset=\"https:\/\/bildvogt.eu\/wordpress\/wp-content\/uploads\/2022\/04\/IMG9984-1024x701.jpg 1024w, https:\/\/bildvogt.eu\/wordpress\/wp-content\/uploads\/2022\/04\/IMG9984-300x206.jpg 300w, https:\/\/bildvogt.eu\/wordpress\/wp-content\/uploads\/2022\/04\/IMG9984-768x526.jpg 768w, https:\/\/bildvogt.eu\/wordpress\/wp-content\/uploads\/2022\/04\/IMG9984-1536x1052.jpg 1536w, https:\/\/bildvogt.eu\/wordpress\/wp-content\/uploads\/2022\/04\/IMG9984-1240x849.jpg 1240w, https:\/\/bildvogt.eu\/wordpress\/wp-content\/uploads\/2022\/04\/IMG9984-508x348.jpg 508w, https:\/\/bildvogt.eu\/wordpress\/wp-content\/uploads\/2022\/04\/IMG9984.jpg 2000w\" sizes=\"auto, (max-width: 1024px) 100vw, 1024px\" \/><\/figure>\n\n\n\n<figure class=\"wp-block-image size-large\"><img loading=\"lazy\" decoding=\"async\" width=\"1024\" height=\"682\" src=\"http:\/\/emvee.de\/wordpress\/wp-content\/uploads\/2022\/04\/IMG0009-1024x682.jpg\" alt=\"\" class=\"wp-image-838\" srcset=\"https:\/\/bildvogt.eu\/wordpress\/wp-content\/uploads\/2022\/04\/IMG0009-1024x682.jpg 1024w, https:\/\/bildvogt.eu\/wordpress\/wp-content\/uploads\/2022\/04\/IMG0009-300x200.jpg 300w, https:\/\/bildvogt.eu\/wordpress\/wp-content\/uploads\/2022\/04\/IMG0009-768x512.jpg 768w, https:\/\/bildvogt.eu\/wordpress\/wp-content\/uploads\/2022\/04\/IMG0009-1536x1024.jpg 1536w, https:\/\/bildvogt.eu\/wordpress\/wp-content\/uploads\/2022\/04\/IMG0009-1240x826.jpg 1240w, https:\/\/bildvogt.eu\/wordpress\/wp-content\/uploads\/2022\/04\/IMG0009-508x339.jpg 508w, https:\/\/bildvogt.eu\/wordpress\/wp-content\/uploads\/2022\/04\/IMG0009.jpg 2000w\" sizes=\"auto, (max-width: 1024px) 100vw, 1024px\" \/><\/figure>\n\n\n\n<figure class=\"wp-block-image size-large\"><img loading=\"lazy\" decoding=\"async\" width=\"1024\" height=\"682\" src=\"http:\/\/emvee.de\/wordpress\/wp-content\/uploads\/2022\/04\/IMG0007-1024x682.jpg\" alt=\"\" class=\"wp-image-839\" srcset=\"https:\/\/bildvogt.eu\/wordpress\/wp-content\/uploads\/2022\/04\/IMG0007-1024x682.jpg 1024w, https:\/\/bildvogt.eu\/wordpress\/wp-content\/uploads\/2022\/04\/IMG0007-300x200.jpg 300w, https:\/\/bildvogt.eu\/wordpress\/wp-content\/uploads\/2022\/04\/IMG0007-768x512.jpg 768w, https:\/\/bildvogt.eu\/wordpress\/wp-content\/uploads\/2022\/04\/IMG0007-1536x1024.jpg 1536w, https:\/\/bildvogt.eu\/wordpress\/wp-content\/uploads\/2022\/04\/IMG0007-1240x826.jpg 1240w, https:\/\/bildvogt.eu\/wordpress\/wp-content\/uploads\/2022\/04\/IMG0007-508x339.jpg 508w, https:\/\/bildvogt.eu\/wordpress\/wp-content\/uploads\/2022\/04\/IMG0007.jpg 2000w\" sizes=\"auto, (max-width: 1024px) 100vw, 1024px\" \/><\/figure>\n\n\n\n<figure class=\"wp-block-image size-large\"><img loading=\"lazy\" decoding=\"async\" width=\"1024\" height=\"682\" src=\"http:\/\/emvee.de\/wordpress\/wp-content\/uploads\/2022\/04\/IMG0024-1024x682.jpg\" alt=\"\" class=\"wp-image-841\" srcset=\"https:\/\/bildvogt.eu\/wordpress\/wp-content\/uploads\/2022\/04\/IMG0024-1024x682.jpg 1024w, https:\/\/bildvogt.eu\/wordpress\/wp-content\/uploads\/2022\/04\/IMG0024-300x200.jpg 300w, https:\/\/bildvogt.eu\/wordpress\/wp-content\/uploads\/2022\/04\/IMG0024-768x512.jpg 768w, https:\/\/bildvogt.eu\/wordpress\/wp-content\/uploads\/2022\/04\/IMG0024-1536x1024.jpg 1536w, https:\/\/bildvogt.eu\/wordpress\/wp-content\/uploads\/2022\/04\/IMG0024-1240x826.jpg 1240w, https:\/\/bildvogt.eu\/wordpress\/wp-content\/uploads\/2022\/04\/IMG0024-508x339.jpg 508w, https:\/\/bildvogt.eu\/wordpress\/wp-content\/uploads\/2022\/04\/IMG0024.jpg 2000w\" sizes=\"auto, (max-width: 1024px) 100vw, 1024px\" \/><\/figure>\n","protected":false},"excerpt":{"rendered":"<p>Jedes Jahr wieder eine Pracht und quasi das endg\u00fcltige Einl\u00e4uten des Fr\u00fchlings: Die Kirschbl\u00fcte. In Japan ist \u685c (Sakura) ja ein regelrechtes Event, das f\u00fcr Sch\u00f6nheit, Aufbruch und Verg\u00e4nglichkeit steht, und mit dem \u82b1\u898b (Hanami; Bl\u00fcten betrachten) einhergeht und f\u00fcr das es im Wetterbericht sogar extra Bl\u00fctenvorhersagen gibt. Aber auch au\u00dferhalb des Reichs der aufgehenden&#8230;<\/p>\n<p class=\"more-link-wrap\"><a href=\"https:\/\/bildvogt.eu\/wordpress\/2022\/04\/12\/sakura-vibes\/\" class=\"more-link\">Weiterlesen<span class=\"screen-reader-text\"> &ldquo;Sakura Vibes&rdquo;<\/span> &raquo;<\/a><\/p>\n","protected":false},"author":1,"featured_media":840,"comment_status":"open","ping_status":"open","sticky":false,"template":"","format":"standard","meta":{"footnotes":""},"categories":[187,276,50,48,24,274],"tags":[407,188,405,54,406,53,16,404],"class_list":["post-836","post","type-post","status-publish","format-standard","has-post-thumbnail","hentry","category-fruehling","category-in-ulm-um-ulm-um-ulm-herum","category-jahreszeit","category-landschaft","category-natur","category-um-ulm","tag-bluete","tag-fruehling","tag-hanami","tag-jahreszeit","tag-kirschbluete","tag-landschaft","tag-natur","tag-sakura"],"_links":{"self":[{"href":"https:\/\/bildvogt.eu\/wordpress\/wp-json\/wp\/v2\/posts\/836","targetHints":{"allow":["GET"]}}],"collection":[{"href":"https:\/\/bildvogt.eu\/wordpress\/wp-json\/wp\/v2\/posts"}],"about":[{"href":"https:\/\/bildvogt.eu\/wordpress\/wp-json\/wp\/v2\/types\/post"}],"author":[{"embeddable":true,"href":"https:\/\/bildvogt.eu\/wordpress\/wp-json\/wp\/v2\/users\/1"}],"replies":[{"embeddable":true,"href":"https:\/\/bildvogt.eu\/wordpress\/wp-json\/wp\/v2\/comments?post=836"}],"version-history":[{"count":1,"href":"https:\/\/bildvogt.eu\/wordpress\/wp-json\/wp\/v2\/posts\/836\/revisions"}],"predecessor-version":[{"id":842,"href":"https:\/\/bildvogt.eu\/wordpress\/wp-json\/wp\/v2\/posts\/836\/revisions\/842"}],"wp:featuredmedia":[{"embeddable":true,"href":"https:\/\/bildvogt.eu\/wordpress\/wp-json\/wp\/v2\/media\/840"}],"wp:attachment":[{"href":"https:\/\/bildvogt.eu\/wordpress\/wp-json\/wp\/v2\/media?parent=836"}],"wp:term":[{"taxonomy":"category","embeddable":true,"href":"https:\/\/bildvogt.eu\/wordpress\/wp-json\/wp\/v2\/categories?post=836"},{"taxonomy":"post_tag","embeddable":true,"href":"https:\/\/bildvogt.eu\/wordpress\/wp-json\/wp\/v2\/tags?post=836"}],"curies":[{"name":"wp","href":"https:\/\/api.w.org\/{rel}","templated":true}]}}