{"id":792,"date":"2021-06-17T22:12:56","date_gmt":"2021-06-17T20:12:56","guid":{"rendered":"http:\/\/emvee.de\/wordpress\/?p=792"},"modified":"2021-06-17T22:17:02","modified_gmt":"2021-06-17T20:17:02","slug":"fotograf-auf-automatikmodus","status":"publish","type":"post","link":"https:\/\/bildvogt.eu\/wordpress\/2021\/06\/17\/fotograf-auf-automatikmodus\/","title":{"rendered":"fotograf auf automatikmodus"},"content":{"rendered":"\n<p>Leider ist es mir gerade kaum m\u00f6glich, klare Gedanken zu fassen, Schlaf zu finden oder \u00fcberhaupt irgendwas richtig zu &#8222;tun&#8220;. Genau heute vor einer Woche ist mein Vater &#8222;in das n\u00e4chste gro\u00dfe Abenteuer gegangen&#8220;, wie es ein gewisser gutm\u00fctiger alter Zauberer namens Albus Dumbledore in einem Kinderbuch sagen w\u00fcrde. Seitdem befinde ich mich mehr oder weniger in einer Art &#8222;Automatikmodus&#8220;\u2026 <\/p>\n\n\n\n<p>Vor ein paar Tagen fand ich wieder keinen Schlaf, nicht nur wegen des traurigen Ereignisses, sondern auch wegen der \u00fcberaus r\u00fccksichtslos feiernden Nachbarn \u00fcber mir \u2026&nbsp;diese zurechtzuweisen, dazu hatte ich allerdings keine Kraft. Ich habe mir stattdessen einen Thermobecher voll Kaffee gef\u00fcllt, mir meine Kameraausr\u00fcstung geschnappt und bin an den Ulmer Kuhberg hochgetigert, um auf den Sonnenaufgang zu warten. Ich denke, das Warten hat sich durchaus gelohnt&#8230;<\/p>\n","protected":false},"excerpt":{"rendered":"<p>Leider ist es mir gerade kaum m\u00f6glich, klare Gedanken zu fassen, Schlaf zu finden oder \u00fcberhaupt irgendwas richtig zu &#8222;tun&#8220;. Genau heute vor einer Woche ist mein Vater &#8222;in das n\u00e4chste gro\u00dfe Abenteuer gegangen&#8220;, wie es ein gewisser gutm\u00fctiger alter Zauberer namens Albus Dumbledore in einem Kinderbuch sagen w\u00fcrde. Seitdem befinde ich mich mehr oder&#8230;<\/p>\n<p class=\"more-link-wrap\"><a href=\"https:\/\/bildvogt.eu\/wordpress\/2021\/06\/17\/fotograf-auf-automatikmodus\/\" class=\"more-link\">Weiterlesen<span class=\"screen-reader-text\"> &ldquo;fotograf auf automatikmodus&rdquo;<\/span> &raquo;<\/a><\/p>\n","protected":false},"author":1,"featured_media":793,"comment_status":"open","ping_status":"open","sticky":false,"template":"","format":"standard","meta":{"footnotes":""},"categories":[187,273,276,50,48,24,51,274,275],"tags":[188,345,71,26,338],"class_list":["post-792","post","type-post","status-publish","format-standard","has-post-thumbnail","hentry","category-fruehling","category-in-ulm","category-in-ulm-um-ulm-um-ulm-herum","category-jahreszeit","category-landschaft","category-natur","category-ulm","category-um-ulm","category-um-ulm-herum","tag-fruehling","tag-morgen","tag-sonnenaufgang","tag-ulm","tag-ulmer-muenster"],"_links":{"self":[{"href":"https:\/\/bildvogt.eu\/wordpress\/wp-json\/wp\/v2\/posts\/792","targetHints":{"allow":["GET"]}}],"collection":[{"href":"https:\/\/bildvogt.eu\/wordpress\/wp-json\/wp\/v2\/posts"}],"about":[{"href":"https:\/\/bildvogt.eu\/wordpress\/wp-json\/wp\/v2\/types\/post"}],"author":[{"embeddable":true,"href":"https:\/\/bildvogt.eu\/wordpress\/wp-json\/wp\/v2\/users\/1"}],"replies":[{"embeddable":true,"href":"https:\/\/bildvogt.eu\/wordpress\/wp-json\/wp\/v2\/comments?post=792"}],"version-history":[{"count":2,"href":"https:\/\/bildvogt.eu\/wordpress\/wp-json\/wp\/v2\/posts\/792\/revisions"}],"predecessor-version":[{"id":795,"href":"https:\/\/bildvogt.eu\/wordpress\/wp-json\/wp\/v2\/posts\/792\/revisions\/795"}],"wp:featuredmedia":[{"embeddable":true,"href":"https:\/\/bildvogt.eu\/wordpress\/wp-json\/wp\/v2\/media\/793"}],"wp:attachment":[{"href":"https:\/\/bildvogt.eu\/wordpress\/wp-json\/wp\/v2\/media?parent=792"}],"wp:term":[{"taxonomy":"category","embeddable":true,"href":"https:\/\/bildvogt.eu\/wordpress\/wp-json\/wp\/v2\/categories?post=792"},{"taxonomy":"post_tag","embeddable":true,"href":"https:\/\/bildvogt.eu\/wordpress\/wp-json\/wp\/v2\/tags?post=792"}],"curies":[{"name":"wp","href":"https:\/\/api.w.org\/{rel}","templated":true}]}}