{"id":784,"date":"2021-05-14T19:07:28","date_gmt":"2021-05-14T17:07:28","guid":{"rendered":"http:\/\/emvee.de\/wordpress\/?p=784"},"modified":"2021-05-14T19:07:28","modified_gmt":"2021-05-14T17:07:28","slug":"fernsicht-2","status":"publish","type":"post","link":"https:\/\/bildvogt.eu\/wordpress\/2021\/05\/14\/fernsicht-2\/","title":{"rendered":"Fernsicht"},"content":{"rendered":"\n<p class=\"has-drop-cap\">Bei bestimmten Wetterkonditionen ist es hier im S\u00fcden Deutschlands m\u00f6glich, die Alpen selbst aus gro\u00dfer Entfernung so zu sehen, als w\u00e4ren sie fast vor der Haust\u00fcr. Eine solche Wetterlage gab es auch am vergangenen Sonntag \u2013\u00a0nachdem meine Br\u00fcder und ich der Oma einen Muttertagsbesuch abgestattet und danach noch im Garten gegrillt haben, bin ich noch alleine in meine alte Heimat Memmingen gefahren \u2013\u00a0mir fielen die Berge schon bei der Hinfahrt am Morgen auf der Autobahn auf. Etwas au\u00dferhalb von Memmingen, im hoch gelegenen Stadtteil Eisenburg, konnte ich dann diese Fotos machen.<\/p>\n\n\n\n<figure class=\"wp-block-image size-large\"><img loading=\"lazy\" decoding=\"async\" width=\"1024\" height=\"542\" src=\"http:\/\/emvee.de\/wordpress\/wp-content\/uploads\/2021\/05\/IMG9767-1024x542.jpg\" alt=\"\" class=\"wp-image-786\" srcset=\"https:\/\/bildvogt.eu\/wordpress\/wp-content\/uploads\/2021\/05\/IMG9767-1024x542.jpg 1024w, https:\/\/bildvogt.eu\/wordpress\/wp-content\/uploads\/2021\/05\/IMG9767-300x159.jpg 300w, https:\/\/bildvogt.eu\/wordpress\/wp-content\/uploads\/2021\/05\/IMG9767-768x407.jpg 768w, https:\/\/bildvogt.eu\/wordpress\/wp-content\/uploads\/2021\/05\/IMG9767-1536x814.jpg 1536w, https:\/\/bildvogt.eu\/wordpress\/wp-content\/uploads\/2021\/05\/IMG9767-2048x1085.jpg 2048w, https:\/\/bildvogt.eu\/wordpress\/wp-content\/uploads\/2021\/05\/IMG9767-1240x657.jpg 1240w, https:\/\/bildvogt.eu\/wordpress\/wp-content\/uploads\/2021\/05\/IMG9767-508x269.jpg 508w\" sizes=\"auto, (max-width: 1024px) 100vw, 1024px\" \/><figcaption>Blick vom Parkplatz an der Johann-Nepomuk-Kapelle auf die Allg\u00e4uer Alpen bei F\u00f6hn<\/figcaption><\/figure>\n\n\n\n<figure class=\"wp-block-image size-large\"><img loading=\"lazy\" decoding=\"async\" width=\"1024\" height=\"582\" src=\"http:\/\/emvee.de\/wordpress\/wp-content\/uploads\/2021\/05\/IMG9763-1024x582.jpg\" alt=\"Alpenblick von Eisenburg\" class=\"wp-image-785\" srcset=\"https:\/\/bildvogt.eu\/wordpress\/wp-content\/uploads\/2021\/05\/IMG9763-1024x582.jpg 1024w, https:\/\/bildvogt.eu\/wordpress\/wp-content\/uploads\/2021\/05\/IMG9763-300x171.jpg 300w, https:\/\/bildvogt.eu\/wordpress\/wp-content\/uploads\/2021\/05\/IMG9763-768x437.jpg 768w, https:\/\/bildvogt.eu\/wordpress\/wp-content\/uploads\/2021\/05\/IMG9763-1536x874.jpg 1536w, https:\/\/bildvogt.eu\/wordpress\/wp-content\/uploads\/2021\/05\/IMG9763-2048x1165.jpg 2048w, https:\/\/bildvogt.eu\/wordpress\/wp-content\/uploads\/2021\/05\/IMG9763-1240x705.jpg 1240w, https:\/\/bildvogt.eu\/wordpress\/wp-content\/uploads\/2021\/05\/IMG9763-508x289.jpg 508w\" sizes=\"auto, (max-width: 1024px) 100vw, 1024px\" \/><figcaption>Von etwas weiter oben mit einem gut 50 Jahre alten Tele-Objektiv. Prominent in der Mitte der Hochvogel an der deutsch-\u00f6sterreichischen Grenze, die von meinem Standpunkt aus noch gut 80 km weit weg ist.<\/figcaption><\/figure>\n","protected":false},"excerpt":{"rendered":"<p>Bei bestimmten Wetterkonditionen ist es hier im S\u00fcden Deutschlands m\u00f6glich, die Alpen selbst aus gro\u00dfer Entfernung so zu sehen, als w\u00e4ren sie fast vor der Haust\u00fcr. Eine solche Wetterlage gab es auch am vergangenen Sonntag \u2013\u00a0nachdem meine Br\u00fcder und ich der Oma einen Muttertagsbesuch abgestattet und danach noch im Garten gegrillt haben, bin ich noch&#8230;<\/p>\n<p class=\"more-link-wrap\"><a href=\"https:\/\/bildvogt.eu\/wordpress\/2021\/05\/14\/fernsicht-2\/\" class=\"more-link\">Weiterlesen<span class=\"screen-reader-text\"> &ldquo;Fernsicht&rdquo;<\/span> &raquo;<\/a><\/p>\n","protected":false},"author":1,"featured_media":785,"comment_status":"open","ping_status":"open","sticky":false,"template":"","format":"standard","meta":{"footnotes":""},"categories":[266,48],"tags":[98,394,103,333,188,129,396,116],"class_list":["post-784","post","type-post","status-publish","format-standard","has-post-thumbnail","hentry","category-allgaeu","category-landschaft","tag-allgaeu","tag-allgaeuer-alpen","tag-berge","tag-foehn","tag-fruehling","tag-memmingen","tag-unterallgaeu","tag-wald"],"_links":{"self":[{"href":"https:\/\/bildvogt.eu\/wordpress\/wp-json\/wp\/v2\/posts\/784","targetHints":{"allow":["GET"]}}],"collection":[{"href":"https:\/\/bildvogt.eu\/wordpress\/wp-json\/wp\/v2\/posts"}],"about":[{"href":"https:\/\/bildvogt.eu\/wordpress\/wp-json\/wp\/v2\/types\/post"}],"author":[{"embeddable":true,"href":"https:\/\/bildvogt.eu\/wordpress\/wp-json\/wp\/v2\/users\/1"}],"replies":[{"embeddable":true,"href":"https:\/\/bildvogt.eu\/wordpress\/wp-json\/wp\/v2\/comments?post=784"}],"version-history":[{"count":1,"href":"https:\/\/bildvogt.eu\/wordpress\/wp-json\/wp\/v2\/posts\/784\/revisions"}],"predecessor-version":[{"id":787,"href":"https:\/\/bildvogt.eu\/wordpress\/wp-json\/wp\/v2\/posts\/784\/revisions\/787"}],"wp:featuredmedia":[{"embeddable":true,"href":"https:\/\/bildvogt.eu\/wordpress\/wp-json\/wp\/v2\/media\/785"}],"wp:attachment":[{"href":"https:\/\/bildvogt.eu\/wordpress\/wp-json\/wp\/v2\/media?parent=784"}],"wp:term":[{"taxonomy":"category","embeddable":true,"href":"https:\/\/bildvogt.eu\/wordpress\/wp-json\/wp\/v2\/categories?post=784"},{"taxonomy":"post_tag","embeddable":true,"href":"https:\/\/bildvogt.eu\/wordpress\/wp-json\/wp\/v2\/tags?post=784"}],"curies":[{"name":"wp","href":"https:\/\/api.w.org\/{rel}","templated":true}]}}