{"id":710,"date":"2020-06-16T18:51:10","date_gmt":"2020-06-16T16:51:10","guid":{"rendered":"http:\/\/emvee.de\/wordpress\/?p=710"},"modified":"2021-05-14T09:10:51","modified_gmt":"2021-05-14T07:10:51","slug":"musikalische-rueckblicke-iv","status":"publish","type":"post","link":"https:\/\/bildvogt.eu\/wordpress\/2020\/06\/16\/musikalische-rueckblicke-iv\/","title":{"rendered":"MUSIKALISCHE R\u00dcCKBLICKE (IV)"},"content":{"rendered":"\n<p class=\"has-drop-cap\">Worauf ich mich immer besonders freue, sind Fotojobs bei Bands, deren Fan ich schon seit einer gef\u00fchlten Ewigkeit bin. Im Juni 2016 konnte ich zum zweiten Mal In Extremo fotografieren, sie gastierten im Memminger Kaminwerk zu einem Warm-Up Gig f\u00fcr die Tour zum damals neuen Album &#8222;Quid pro quo&#8220;. Vorher gaben sie im \u00f6rtlichen Media-Markt noch eine Autogrammstunde &#8211; habe da die Gelegenheit genutzt und mir ein Foto von meinem ersten fotografierten In Extremo-Konzert anderthalb Jahre zuvor signieren lassen. InEx fra\u00df sich zum ersten Mal um 2001 oder 2002 in meine Geh\u00f6rg\u00e4nge, auf jeden Fall war das Album &#8222;S\u00fcnder ohne Z\u00fcgel&#8220; noch recht frisch am Markt und ich noch in der Kaufmannslehre beim Praktiker. Musste wohl an der Mischung aus Metal und Mittelalter liegen \u2013\u00a0ich mag gerne Ungew\u00f6hnliches und Genregrenzen-Sprengendes (siehe auch meinen <a rel=\"noreferrer noopener\" href=\"http:\/\/emvee.de\/wordpress\/2020\/06\/14\/rezension-babymetal-metal-galaxy\/\" target=\"_blank\">vorherigen Post<\/a>).<\/p>\n\n\n\n<p><a rel=\"noreferrer noopener\" href=\"http:\/\/www.inextremo.de\" target=\"_blank\">Website<\/a> | <a rel=\"noreferrer noopener\" href=\"https:\/\/www.youtube.com\/user\/Inextremotv\" target=\"_blank\">Youtube<\/a> | <a rel=\"noreferrer noopener\" href=\"https:\/\/play.spotify.com\/artist\/4MAvEYtgY8yNljGP697n4F\" target=\"_blank\">Spotify<\/a> | <a rel=\"noreferrer noopener\" href=\"http:\/\/www.facebook.com\/officialinextremo\" target=\"_blank\">Facebook<\/a> | <a rel=\"noreferrer noopener\" href=\"http:\/\/vk.com\/inextremo_official\" target=\"_blank\">VK<\/a> |&nbsp;<a rel=\"noreferrer noopener\" href=\"https:\/\/www.instagram.com\/inextremo_official\/\" target=\"_blank\">Instagram<\/a><\/p>\n\n\n\n<figure class=\"wp-block-image size-large\"><img loading=\"lazy\" decoding=\"async\" width=\"724\" height=\"1024\" src=\"http:\/\/emvee.de\/wordpress\/wp-content\/uploads\/2020\/06\/Bildschirmfoto-2020-06-16-um-18.55.40-724x1024.jpg\" alt=\"\" class=\"wp-image-718\" srcset=\"https:\/\/bildvogt.eu\/wordpress\/wp-content\/uploads\/2020\/06\/Bildschirmfoto-2020-06-16-um-18.55.40-724x1024.jpg 724w, https:\/\/bildvogt.eu\/wordpress\/wp-content\/uploads\/2020\/06\/Bildschirmfoto-2020-06-16-um-18.55.40-212x300.jpg 212w, https:\/\/bildvogt.eu\/wordpress\/wp-content\/uploads\/2020\/06\/Bildschirmfoto-2020-06-16-um-18.55.40-768x1086.jpg 768w, https:\/\/bildvogt.eu\/wordpress\/wp-content\/uploads\/2020\/06\/Bildschirmfoto-2020-06-16-um-18.55.40-508x719.jpg 508w, https:\/\/bildvogt.eu\/wordpress\/wp-content\/uploads\/2020\/06\/Bildschirmfoto-2020-06-16-um-18.55.40.jpg 806w\" sizes=\"auto, (max-width: 724px) 100vw, 724px\" \/><figcaption>Dr. Pymonte an der Harfe<\/figcaption><\/figure>\n\n\n\n<p><br><\/p>\n","protected":false},"excerpt":{"rendered":"<p>Worauf ich mich immer besonders freue, sind Fotojobs bei Bands, deren Fan ich schon seit einer gef\u00fchlten Ewigkeit bin. Im Juni 2016 konnte ich zum zweiten Mal In Extremo fotografieren, sie gastierten im Memminger Kaminwerk zu einem Warm-Up Gig f\u00fcr die Tour zum damals neuen Album &#8222;Quid pro quo&#8220;. Vorher gaben sie im \u00f6rtlichen Media-Markt&#8230;<\/p>\n<p class=\"more-link-wrap\"><a href=\"https:\/\/bildvogt.eu\/wordpress\/2020\/06\/16\/musikalische-rueckblicke-iv\/\" class=\"more-link\">Weiterlesen<span class=\"screen-reader-text\"> &ldquo;MUSIKALISCHE R\u00dcCKBLICKE (IV)&rdquo;<\/span> &raquo;<\/a><\/p>\n","protected":false},"author":1,"featured_media":711,"comment_status":"open","ping_status":"open","sticky":false,"template":"","format":"standard","meta":{"footnotes":""},"categories":[19],"tags":[380,139,262,128,20,21,28,129,27,379],"class_list":["post-710","post","type-post","status-publish","format-standard","has-post-thumbnail","hentry","category-konzertfotografie","tag-380","tag-buehne","tag-in-extremo","tag-kaminwerk","tag-konzert","tag-konzertfotografie","tag-live","tag-memmingen","tag-musik","tag-rueckblick"],"_links":{"self":[{"href":"https:\/\/bildvogt.eu\/wordpress\/wp-json\/wp\/v2\/posts\/710","targetHints":{"allow":["GET"]}}],"collection":[{"href":"https:\/\/bildvogt.eu\/wordpress\/wp-json\/wp\/v2\/posts"}],"about":[{"href":"https:\/\/bildvogt.eu\/wordpress\/wp-json\/wp\/v2\/types\/post"}],"author":[{"embeddable":true,"href":"https:\/\/bildvogt.eu\/wordpress\/wp-json\/wp\/v2\/users\/1"}],"replies":[{"embeddable":true,"href":"https:\/\/bildvogt.eu\/wordpress\/wp-json\/wp\/v2\/comments?post=710"}],"version-history":[{"count":3,"href":"https:\/\/bildvogt.eu\/wordpress\/wp-json\/wp\/v2\/posts\/710\/revisions"}],"predecessor-version":[{"id":776,"href":"https:\/\/bildvogt.eu\/wordpress\/wp-json\/wp\/v2\/posts\/710\/revisions\/776"}],"wp:featuredmedia":[{"embeddable":true,"href":"https:\/\/bildvogt.eu\/wordpress\/wp-json\/wp\/v2\/media\/711"}],"wp:attachment":[{"href":"https:\/\/bildvogt.eu\/wordpress\/wp-json\/wp\/v2\/media?parent=710"}],"wp:term":[{"taxonomy":"category","embeddable":true,"href":"https:\/\/bildvogt.eu\/wordpress\/wp-json\/wp\/v2\/categories?post=710"},{"taxonomy":"post_tag","embeddable":true,"href":"https:\/\/bildvogt.eu\/wordpress\/wp-json\/wp\/v2\/tags?post=710"}],"curies":[{"name":"wp","href":"https:\/\/api.w.org\/{rel}","templated":true}]}}