{"id":673,"date":"2019-07-21T10:10:11","date_gmt":"2019-07-21T08:10:11","guid":{"rendered":"http:\/\/emvee.de\/wordpress\/?p=673"},"modified":"2019-07-21T10:10:11","modified_gmt":"2019-07-21T08:10:11","slug":"botanischer-garten-ulm","status":"publish","type":"post","link":"https:\/\/bildvogt.eu\/wordpress\/2019\/07\/21\/botanischer-garten-ulm\/","title":{"rendered":"Botanischer Garten Ulm"},"content":{"rendered":"\n<p>Die meisten Ulmer werden ihn kennen: Den Botanischen Garten der Universit\u00e4t Ulm zwischen dem Lehrer-Tal-Weg und der Universit\u00e4t. Hier findet man oft kleine Tiere und Pflanzen, die man sonst im Stadtgebiet zumindest in dieser H\u00e4ufigkeit nirgends mehr findet. Ich war die Tage mal unterwegs und habe mich mal rund um den kleinen Teich umgesehen.<\/p>\n\n\n\n<figure class=\"wp-block-image\"><img loading=\"lazy\" decoding=\"async\" width=\"1024\" height=\"683\" src=\"http:\/\/emvee.de\/wordpress\/wp-content\/uploads\/2019\/07\/IMG2063-1024x683.jpg\" alt=\"\" class=\"wp-image-674\" srcset=\"https:\/\/bildvogt.eu\/wordpress\/wp-content\/uploads\/2019\/07\/IMG2063-1024x683.jpg 1024w, https:\/\/bildvogt.eu\/wordpress\/wp-content\/uploads\/2019\/07\/IMG2063-300x200.jpg 300w, https:\/\/bildvogt.eu\/wordpress\/wp-content\/uploads\/2019\/07\/IMG2063-768x512.jpg 768w, https:\/\/bildvogt.eu\/wordpress\/wp-content\/uploads\/2019\/07\/IMG2063-1240x827.jpg 1240w, https:\/\/bildvogt.eu\/wordpress\/wp-content\/uploads\/2019\/07\/IMG2063-508x339.jpg 508w\" sizes=\"auto, (max-width: 1024px) 100vw, 1024px\" \/><\/figure>\n\n\n\n<figure class=\"wp-block-image\"><img loading=\"lazy\" decoding=\"async\" width=\"1024\" height=\"683\" src=\"http:\/\/emvee.de\/wordpress\/wp-content\/uploads\/2019\/07\/IMG2036-1024x683.jpg\" alt=\"\" class=\"wp-image-675\" srcset=\"https:\/\/bildvogt.eu\/wordpress\/wp-content\/uploads\/2019\/07\/IMG2036-1024x683.jpg 1024w, https:\/\/bildvogt.eu\/wordpress\/wp-content\/uploads\/2019\/07\/IMG2036-300x200.jpg 300w, https:\/\/bildvogt.eu\/wordpress\/wp-content\/uploads\/2019\/07\/IMG2036-768x512.jpg 768w, https:\/\/bildvogt.eu\/wordpress\/wp-content\/uploads\/2019\/07\/IMG2036-1240x827.jpg 1240w, https:\/\/bildvogt.eu\/wordpress\/wp-content\/uploads\/2019\/07\/IMG2036-508x339.jpg 508w\" sizes=\"auto, (max-width: 1024px) 100vw, 1024px\" \/><\/figure>\n\n\n\n<figure class=\"wp-block-image\"><img loading=\"lazy\" decoding=\"async\" width=\"1024\" height=\"604\" src=\"http:\/\/emvee.de\/wordpress\/wp-content\/uploads\/2019\/07\/IMG2006-1024x604.jpg\" alt=\"\" class=\"wp-image-676\" srcset=\"https:\/\/bildvogt.eu\/wordpress\/wp-content\/uploads\/2019\/07\/IMG2006-1024x604.jpg 1024w, https:\/\/bildvogt.eu\/wordpress\/wp-content\/uploads\/2019\/07\/IMG2006-300x177.jpg 300w, https:\/\/bildvogt.eu\/wordpress\/wp-content\/uploads\/2019\/07\/IMG2006-768x453.jpg 768w, https:\/\/bildvogt.eu\/wordpress\/wp-content\/uploads\/2019\/07\/IMG2006-1240x732.jpg 1240w, https:\/\/bildvogt.eu\/wordpress\/wp-content\/uploads\/2019\/07\/IMG2006-508x300.jpg 508w\" sizes=\"auto, (max-width: 1024px) 100vw, 1024px\" \/><\/figure>\n\n\n\n<figure class=\"wp-block-image\"><img loading=\"lazy\" decoding=\"async\" width=\"1024\" height=\"683\" src=\"http:\/\/emvee.de\/wordpress\/wp-content\/uploads\/2019\/07\/IMG2014-1024x683.jpg\" alt=\"\" class=\"wp-image-677\" srcset=\"https:\/\/bildvogt.eu\/wordpress\/wp-content\/uploads\/2019\/07\/IMG2014-1024x683.jpg 1024w, https:\/\/bildvogt.eu\/wordpress\/wp-content\/uploads\/2019\/07\/IMG2014-300x200.jpg 300w, https:\/\/bildvogt.eu\/wordpress\/wp-content\/uploads\/2019\/07\/IMG2014-768x512.jpg 768w, https:\/\/bildvogt.eu\/wordpress\/wp-content\/uploads\/2019\/07\/IMG2014-1240x827.jpg 1240w, https:\/\/bildvogt.eu\/wordpress\/wp-content\/uploads\/2019\/07\/IMG2014-508x339.jpg 508w\" sizes=\"auto, (max-width: 1024px) 100vw, 1024px\" \/><\/figure>\n\n\n\n<figure class=\"wp-block-image\"><img loading=\"lazy\" decoding=\"async\" width=\"1024\" height=\"683\" src=\"http:\/\/emvee.de\/wordpress\/wp-content\/uploads\/2019\/07\/IMG1997-1024x683.jpg\" alt=\"\" class=\"wp-image-678\" srcset=\"https:\/\/bildvogt.eu\/wordpress\/wp-content\/uploads\/2019\/07\/IMG1997-1024x683.jpg 1024w, https:\/\/bildvogt.eu\/wordpress\/wp-content\/uploads\/2019\/07\/IMG1997-300x200.jpg 300w, https:\/\/bildvogt.eu\/wordpress\/wp-content\/uploads\/2019\/07\/IMG1997-768x512.jpg 768w, https:\/\/bildvogt.eu\/wordpress\/wp-content\/uploads\/2019\/07\/IMG1997-1240x827.jpg 1240w, https:\/\/bildvogt.eu\/wordpress\/wp-content\/uploads\/2019\/07\/IMG1997-508x339.jpg 508w\" sizes=\"auto, (max-width: 1024px) 100vw, 1024px\" \/><\/figure>\n\n\n\n<figure class=\"wp-block-image\"><img loading=\"lazy\" decoding=\"async\" width=\"1024\" height=\"725\" src=\"http:\/\/emvee.de\/wordpress\/wp-content\/uploads\/2019\/07\/IMG1980-1024x725.jpg\" alt=\"\" class=\"wp-image-679\" srcset=\"https:\/\/bildvogt.eu\/wordpress\/wp-content\/uploads\/2019\/07\/IMG1980-1024x725.jpg 1024w, https:\/\/bildvogt.eu\/wordpress\/wp-content\/uploads\/2019\/07\/IMG1980-300x212.jpg 300w, https:\/\/bildvogt.eu\/wordpress\/wp-content\/uploads\/2019\/07\/IMG1980-768x543.jpg 768w, https:\/\/bildvogt.eu\/wordpress\/wp-content\/uploads\/2019\/07\/IMG1980-1240x877.jpg 1240w, https:\/\/bildvogt.eu\/wordpress\/wp-content\/uploads\/2019\/07\/IMG1980-508x359.jpg 508w\" sizes=\"auto, (max-width: 1024px) 100vw, 1024px\" \/><\/figure>\n\n\n\n<figure class=\"wp-block-image\"><img loading=\"lazy\" decoding=\"async\" width=\"1024\" height=\"627\" src=\"http:\/\/emvee.de\/wordpress\/wp-content\/uploads\/2019\/07\/IMG1974-1024x627.jpg\" alt=\"\" class=\"wp-image-680\" srcset=\"https:\/\/bildvogt.eu\/wordpress\/wp-content\/uploads\/2019\/07\/IMG1974-1024x627.jpg 1024w, https:\/\/bildvogt.eu\/wordpress\/wp-content\/uploads\/2019\/07\/IMG1974-300x184.jpg 300w, https:\/\/bildvogt.eu\/wordpress\/wp-content\/uploads\/2019\/07\/IMG1974-768x471.jpg 768w, https:\/\/bildvogt.eu\/wordpress\/wp-content\/uploads\/2019\/07\/IMG1974-1240x760.jpg 1240w, https:\/\/bildvogt.eu\/wordpress\/wp-content\/uploads\/2019\/07\/IMG1974-508x311.jpg 508w\" sizes=\"auto, (max-width: 1024px) 100vw, 1024px\" \/><\/figure>\n\n\n\n<p>\u00d6ffnungszeiten Freiland: <br>&#8211; 1.3.-15.10: 9:00-20:00<br>&#8211; 16.10.-28.2.: 9:00-16:30<br><a href=\"http:\/\/www.uni-ulm.de\/einrichtungen\/garten\/\" target=\"_blank\" rel=\"noreferrer noopener\" aria-label=\"www.uni-ulm.de\/einrichtungen\/garten\/ (\u00f6ffnet in neuem Tab)\">www.uni-ulm.de\/einrichtungen\/garten\/<\/a><\/p>\n","protected":false},"excerpt":{"rendered":"<p>Die meisten Ulmer werden ihn kennen: Den Botanischen Garten der Universit\u00e4t Ulm zwischen dem Lehrer-Tal-Weg und der Universit\u00e4t. Hier findet man oft kleine Tiere und Pflanzen, die man sonst im Stadtgebiet zumindest in dieser H\u00e4ufigkeit nirgends mehr findet. Ich war die Tage mal unterwegs und habe mich mal rund um den kleinen Teich umgesehen. \u00d6ffnungszeiten&#8230;<\/p>\n<p class=\"more-link-wrap\"><a href=\"https:\/\/bildvogt.eu\/wordpress\/2019\/07\/21\/botanischer-garten-ulm\/\" class=\"more-link\">Weiterlesen<span class=\"screen-reader-text\"> &ldquo;Botanischer Garten Ulm&rdquo;<\/span> &raquo;<\/a><\/p>\n","protected":false},"author":1,"featured_media":681,"comment_status":"open","ping_status":"open","sticky":false,"template":"","format":"standard","meta":{"footnotes":""},"categories":[273,25,24,51],"tags":[363,366,361,160,364,367,192,15,365,16,267,368,26,362],"class_list":["post-673","post","type-post","status-publish","format-standard","has-post-thumbnail","hentry","category-in-ulm","category-makro","category-natur","category-ulm","tag-amphibien","tag-bienen","tag-botanischer-garten","tag-eselsberg","tag-froesche","tag-gewaesser","tag-gruen","tag-insekten","tag-libellen","tag-natur","tag-sommer","tag-teich","tag-ulm","tag-universitaet-ulm"],"_links":{"self":[{"href":"https:\/\/bildvogt.eu\/wordpress\/wp-json\/wp\/v2\/posts\/673","targetHints":{"allow":["GET"]}}],"collection":[{"href":"https:\/\/bildvogt.eu\/wordpress\/wp-json\/wp\/v2\/posts"}],"about":[{"href":"https:\/\/bildvogt.eu\/wordpress\/wp-json\/wp\/v2\/types\/post"}],"author":[{"embeddable":true,"href":"https:\/\/bildvogt.eu\/wordpress\/wp-json\/wp\/v2\/users\/1"}],"replies":[{"embeddable":true,"href":"https:\/\/bildvogt.eu\/wordpress\/wp-json\/wp\/v2\/comments?post=673"}],"version-history":[{"count":1,"href":"https:\/\/bildvogt.eu\/wordpress\/wp-json\/wp\/v2\/posts\/673\/revisions"}],"predecessor-version":[{"id":682,"href":"https:\/\/bildvogt.eu\/wordpress\/wp-json\/wp\/v2\/posts\/673\/revisions\/682"}],"wp:featuredmedia":[{"embeddable":true,"href":"https:\/\/bildvogt.eu\/wordpress\/wp-json\/wp\/v2\/media\/681"}],"wp:attachment":[{"href":"https:\/\/bildvogt.eu\/wordpress\/wp-json\/wp\/v2\/media?parent=673"}],"wp:term":[{"taxonomy":"category","embeddable":true,"href":"https:\/\/bildvogt.eu\/wordpress\/wp-json\/wp\/v2\/categories?post=673"},{"taxonomy":"post_tag","embeddable":true,"href":"https:\/\/bildvogt.eu\/wordpress\/wp-json\/wp\/v2\/tags?post=673"}],"curies":[{"name":"wp","href":"https:\/\/api.w.org\/{rel}","templated":true}]}}