{"id":636,"date":"2019-07-17T08:32:14","date_gmt":"2019-07-17T06:32:14","guid":{"rendered":"http:\/\/emvee.de\/wordpress\/?p=636"},"modified":"2019-07-17T08:32:14","modified_gmt":"2019-07-17T06:32:14","slug":"wenn-mir-vor-10-jahren","status":"publish","type":"post","link":"https:\/\/bildvogt.eu\/wordpress\/2019\/07\/17\/wenn-mir-vor-10-jahren\/","title":{"rendered":"Wenn mir vor 10 Jahren\u2026"},"content":{"rendered":"\n<p style=\"text-align:justify\" class=\"has-text-color has-accent-color\">\u2026jemand erz\u00e4hlt h\u00e4tte, ich w\u00fcrde irgendwann im Urlaub freiwillig um vier Uhr aufstehen, um Fotos vom Sonnenaufgang zu machen, begleitet von einer Kanne dampfend hei\u00dfen Earl Grey \u2013\u00a0ich h\u00e4tte die Person f\u00fcr verr\u00fcckt erkl\u00e4rt.<br><br>\nDoch wie das nunmal so ist: Menschen &ndash; und damit auch Gewohnheiten &ndash; ver&auml;ndern sich. Mit der App SunSurveyor habe ich mir dann einen Platz am Wanderparkplatz oberhalb von S&ouml;flingen ausgesucht, bin dann aber wenig sp&auml;ter doch zum Fort Oberer Kuhberg etwas weiter s&uuml;dlich weitergefahren. <i>Gold<\/i>richtige Entscheidung&hellip; \ud83d\ude42<\/p>\n\n\n\n<figure class=\"wp-block-image\"><img loading=\"lazy\" decoding=\"async\" width=\"683\" height=\"1024\" src=\"http:\/\/emvee.de\/wordpress\/wp-content\/uploads\/2019\/07\/IMG1945-683x1024.jpg\" alt=\"\" class=\"wp-image-638\" srcset=\"https:\/\/bildvogt.eu\/wordpress\/wp-content\/uploads\/2019\/07\/IMG1945-683x1024.jpg 683w, https:\/\/bildvogt.eu\/wordpress\/wp-content\/uploads\/2019\/07\/IMG1945-200x300.jpg 200w, https:\/\/bildvogt.eu\/wordpress\/wp-content\/uploads\/2019\/07\/IMG1945-768x1152.jpg 768w, https:\/\/bildvogt.eu\/wordpress\/wp-content\/uploads\/2019\/07\/IMG1945-1240x1860.jpg 1240w, https:\/\/bildvogt.eu\/wordpress\/wp-content\/uploads\/2019\/07\/IMG1945-508x762.jpg 508w\" sizes=\"auto, (max-width: 683px) 100vw, 683px\" \/><\/figure>\n","protected":false},"excerpt":{"rendered":"<p>\u2026jemand erz\u00e4hlt h\u00e4tte, ich w\u00fcrde irgendwann im Urlaub freiwillig um vier Uhr aufstehen, um Fotos vom Sonnenaufgang zu machen, begleitet von einer Kanne dampfend hei\u00dfen Earl Grey \u2013\u00a0ich h\u00e4tte die Person f\u00fcr verr\u00fcckt erkl\u00e4rt. Doch wie das nunmal so ist: Menschen &ndash; und damit auch Gewohnheiten &ndash; ver&auml;ndern sich. Mit der App SunSurveyor habe ich&#8230;<\/p>\n<p class=\"more-link-wrap\"><a href=\"https:\/\/bildvogt.eu\/wordpress\/2019\/07\/17\/wenn-mir-vor-10-jahren\/\" class=\"more-link\">Weiterlesen<span class=\"screen-reader-text\"> &ldquo;Wenn mir vor 10 Jahren\u2026&rdquo;<\/span> &raquo;<\/a><\/p>\n","protected":false},"author":1,"featured_media":637,"comment_status":"open","ping_status":"open","sticky":false,"template":"","format":"standard","meta":{"footnotes":""},"categories":[276,48,265,51],"tags":[345,267,70,71,346,26,338],"class_list":["post-636","post","type-post","status-publish","format-standard","has-post-thumbnail","hentry","category-in-ulm-um-ulm-um-ulm-herum","category-landschaft","category-sommer","category-ulm","tag-morgen","tag-sommer","tag-sonne","tag-sonnenaufgang","tag-tagesanbruch","tag-ulm","tag-ulmer-muenster"],"_links":{"self":[{"href":"https:\/\/bildvogt.eu\/wordpress\/wp-json\/wp\/v2\/posts\/636","targetHints":{"allow":["GET"]}}],"collection":[{"href":"https:\/\/bildvogt.eu\/wordpress\/wp-json\/wp\/v2\/posts"}],"about":[{"href":"https:\/\/bildvogt.eu\/wordpress\/wp-json\/wp\/v2\/types\/post"}],"author":[{"embeddable":true,"href":"https:\/\/bildvogt.eu\/wordpress\/wp-json\/wp\/v2\/users\/1"}],"replies":[{"embeddable":true,"href":"https:\/\/bildvogt.eu\/wordpress\/wp-json\/wp\/v2\/comments?post=636"}],"version-history":[{"count":1,"href":"https:\/\/bildvogt.eu\/wordpress\/wp-json\/wp\/v2\/posts\/636\/revisions"}],"predecessor-version":[{"id":639,"href":"https:\/\/bildvogt.eu\/wordpress\/wp-json\/wp\/v2\/posts\/636\/revisions\/639"}],"wp:featuredmedia":[{"embeddable":true,"href":"https:\/\/bildvogt.eu\/wordpress\/wp-json\/wp\/v2\/media\/637"}],"wp:attachment":[{"href":"https:\/\/bildvogt.eu\/wordpress\/wp-json\/wp\/v2\/media?parent=636"}],"wp:term":[{"taxonomy":"category","embeddable":true,"href":"https:\/\/bildvogt.eu\/wordpress\/wp-json\/wp\/v2\/categories?post=636"},{"taxonomy":"post_tag","embeddable":true,"href":"https:\/\/bildvogt.eu\/wordpress\/wp-json\/wp\/v2\/tags?post=636"}],"curies":[{"name":"wp","href":"https:\/\/api.w.org\/{rel}","templated":true}]}}