{"id":624,"date":"2019-01-20T18:19:07","date_gmt":"2019-01-20T17:19:07","guid":{"rendered":"http:\/\/emvee.de\/wordpress\/?p=624"},"modified":"2019-01-20T18:19:07","modified_gmt":"2019-01-20T17:19:07","slug":"einsamer-baum","status":"publish","type":"post","link":"https:\/\/bildvogt.eu\/wordpress\/2019\/01\/20\/einsamer-baum\/","title":{"rendered":"EINSAMER BAUM"},"content":{"rendered":"\n<p class=\"has-drop-cap\" style=\"text-align: justify;\">Ganz hat sie es heute nicht geschafft, die Sonne. Die Wolken waren dann heute doch zu z\u00e4h. Aber kleine Lichtblicke gab es dennoch. <\/p>\n\n\n\n<p style=\"text-align: justify;\">Heute ging es auf den Hochstr\u00e4\u00df zwischen Grimmelfingen und S\u00f6flingen bei Ulm. Ziel war ein erst k\u00fcrzlich wiederentdeckter und sehr gut erhaltener Untertreteraum eines Sch\u00fctzengrabens aus dem Ersten Weltkrieg \u2013\u00a0Bilder dazu gibt es aber ein andermal. Auf dem R\u00fcckweg konnte sich die schon langsam im Untergang befindliche Sonne doch kurz zwischen den Wolken durchk\u00e4mpfen und sorgte f\u00fcr eine sch\u00f6ne Beleuchtung des 1950 von Gerd Walter gepflanzten Baumes. Gekauft hatte der Kriegsr\u00fcckkehrer Walter ihn mit zusammengesammelten 50-Pfennig-M\u00fcnzen.<\/p>\n","protected":false},"excerpt":{"rendered":"<p>Ganz hat sie es heute nicht geschafft, die Sonne. Die Wolken waren dann heute doch zu z\u00e4h. Aber kleine Lichtblicke gab es dennoch. Heute ging es auf den Hochstr\u00e4\u00df zwischen Grimmelfingen und S\u00f6flingen bei Ulm. Ziel war ein erst k\u00fcrzlich wiederentdeckter und sehr gut erhaltener Untertreteraum eines Sch\u00fctzengrabens aus dem Ersten Weltkrieg \u2013\u00a0Bilder dazu gibt&#8230;<\/p>\n<p class=\"more-link-wrap\"><a href=\"https:\/\/bildvogt.eu\/wordpress\/2019\/01\/20\/einsamer-baum\/\" class=\"more-link\">Weiterlesen<span class=\"screen-reader-text\"> &ldquo;EINSAMER BAUM&rdquo;<\/span> &raquo;<\/a><\/p>\n","protected":false},"author":1,"featured_media":625,"comment_status":"open","ping_status":"open","sticky":false,"template":"","format":"standard","meta":{"footnotes":""},"categories":[273,276,50,48,24,51,155],"tags":[337,339,344,341,53,340,16,342,343,26,245],"class_list":["post-624","post","type-post","status-publish","format-standard","has-post-thumbnail","hentry","category-in-ulm","category-in-ulm-um-ulm-um-ulm-herum","category-jahreszeit","category-landschaft","category-natur","category-ulm","category-winter","tag-abenddaemmerung","tag-gerd-walter-linde","tag-grimmelfingen","tag-hochstraess","tag-landschaft","tag-linde","tag-natur","tag-schwaebische-alb","tag-soeflingen","tag-ulm","tag-wolken"],"_links":{"self":[{"href":"https:\/\/bildvogt.eu\/wordpress\/wp-json\/wp\/v2\/posts\/624","targetHints":{"allow":["GET"]}}],"collection":[{"href":"https:\/\/bildvogt.eu\/wordpress\/wp-json\/wp\/v2\/posts"}],"about":[{"href":"https:\/\/bildvogt.eu\/wordpress\/wp-json\/wp\/v2\/types\/post"}],"author":[{"embeddable":true,"href":"https:\/\/bildvogt.eu\/wordpress\/wp-json\/wp\/v2\/users\/1"}],"replies":[{"embeddable":true,"href":"https:\/\/bildvogt.eu\/wordpress\/wp-json\/wp\/v2\/comments?post=624"}],"version-history":[{"count":2,"href":"https:\/\/bildvogt.eu\/wordpress\/wp-json\/wp\/v2\/posts\/624\/revisions"}],"predecessor-version":[{"id":627,"href":"https:\/\/bildvogt.eu\/wordpress\/wp-json\/wp\/v2\/posts\/624\/revisions\/627"}],"wp:featuredmedia":[{"embeddable":true,"href":"https:\/\/bildvogt.eu\/wordpress\/wp-json\/wp\/v2\/media\/625"}],"wp:attachment":[{"href":"https:\/\/bildvogt.eu\/wordpress\/wp-json\/wp\/v2\/media?parent=624"}],"wp:term":[{"taxonomy":"category","embeddable":true,"href":"https:\/\/bildvogt.eu\/wordpress\/wp-json\/wp\/v2\/categories?post=624"},{"taxonomy":"post_tag","embeddable":true,"href":"https:\/\/bildvogt.eu\/wordpress\/wp-json\/wp\/v2\/tags?post=624"}],"curies":[{"name":"wp","href":"https:\/\/api.w.org\/{rel}","templated":true}]}}