{"id":621,"date":"2019-01-19T09:52:36","date_gmt":"2019-01-19T08:52:36","guid":{"rendered":"http:\/\/emvee.de\/wordpress\/?p=621"},"modified":"2019-01-19T09:52:36","modified_gmt":"2019-01-19T08:52:36","slug":"last-light-of-the-day","status":"publish","type":"post","link":"https:\/\/bildvogt.eu\/wordpress\/2019\/01\/19\/last-light-of-the-day\/","title":{"rendered":"Last Light of the day"},"content":{"rendered":"\n<p class=\"has-drop-cap\" style=\"text-align: justify;\">Etwas frei nach dem Nightwish-Song &#8222;Last Ride of the Day&#8220; \ud83d\ude09 Da f\u00e4hrt man von der Arbeit noch einen Umweg, um ein paar Fotos von den Alpen im F\u00f6hn bei der Abendd\u00e4mmerung zu erwischen, kommt nach Hause und sieht so einen Himmel\u2026 Also schnell in die Wohnung, das gro\u00dfe Objektiv holen (hatte ich mal nicht dabei), auf den Dachboden sprinten, Fenster auf und ab daf\u00fcr \ud83d\ude42<\/p>\n\n\n\n<p class=\"has-drop-cap\"><\/p>\n","protected":false},"excerpt":{"rendered":"<p>Etwas frei nach dem Nightwish-Song &#8222;Last Ride of the Day&#8220; \ud83d\ude09 Da f\u00e4hrt man von der Arbeit noch einen Umweg, um ein paar Fotos von den Alpen im F\u00f6hn bei der Abendd\u00e4mmerung zu erwischen, kommt nach Hause und sieht so einen Himmel\u2026 Also schnell in die Wohnung, das gro\u00dfe Objektiv holen (hatte ich mal nicht&#8230;<\/p>\n<p class=\"more-link-wrap\"><a href=\"https:\/\/bildvogt.eu\/wordpress\/2019\/01\/19\/last-light-of-the-day\/\" class=\"more-link\">Weiterlesen<span class=\"screen-reader-text\"> &ldquo;Last Light of the day&rdquo;<\/span> &raquo;<\/a><\/p>\n","protected":false},"author":1,"featured_media":622,"comment_status":"open","ping_status":"open","sticky":false,"template":"","format":"standard","meta":{"footnotes":""},"categories":[48,51,274,275,155],"tags":[335,337,336,78,26,338,245],"class_list":["post-621","post","type-post","status-publish","format-standard","has-post-thumbnail","hentry","category-landschaft","category-ulm","category-um-ulm","category-um-ulm-herum","category-winter","tag-abend","tag-abenddaemmerung","tag-abendrot","tag-sonnenuntergang","tag-ulm","tag-ulmer-muenster","tag-wolken"],"_links":{"self":[{"href":"https:\/\/bildvogt.eu\/wordpress\/wp-json\/wp\/v2\/posts\/621","targetHints":{"allow":["GET"]}}],"collection":[{"href":"https:\/\/bildvogt.eu\/wordpress\/wp-json\/wp\/v2\/posts"}],"about":[{"href":"https:\/\/bildvogt.eu\/wordpress\/wp-json\/wp\/v2\/types\/post"}],"author":[{"embeddable":true,"href":"https:\/\/bildvogt.eu\/wordpress\/wp-json\/wp\/v2\/users\/1"}],"replies":[{"embeddable":true,"href":"https:\/\/bildvogt.eu\/wordpress\/wp-json\/wp\/v2\/comments?post=621"}],"version-history":[{"count":1,"href":"https:\/\/bildvogt.eu\/wordpress\/wp-json\/wp\/v2\/posts\/621\/revisions"}],"predecessor-version":[{"id":623,"href":"https:\/\/bildvogt.eu\/wordpress\/wp-json\/wp\/v2\/posts\/621\/revisions\/623"}],"wp:featuredmedia":[{"embeddable":true,"href":"https:\/\/bildvogt.eu\/wordpress\/wp-json\/wp\/v2\/media\/622"}],"wp:attachment":[{"href":"https:\/\/bildvogt.eu\/wordpress\/wp-json\/wp\/v2\/media?parent=621"}],"wp:term":[{"taxonomy":"category","embeddable":true,"href":"https:\/\/bildvogt.eu\/wordpress\/wp-json\/wp\/v2\/categories?post=621"},{"taxonomy":"post_tag","embeddable":true,"href":"https:\/\/bildvogt.eu\/wordpress\/wp-json\/wp\/v2\/tags?post=621"}],"curies":[{"name":"wp","href":"https:\/\/api.w.org\/{rel}","templated":true}]}}