{"id":587,"date":"2019-01-12T13:10:50","date_gmt":"2019-01-12T12:10:50","guid":{"rendered":"http:\/\/emvee.de\/wordpress\/?p=587"},"modified":"2019-01-16T17:41:23","modified_gmt":"2019-01-16T16:41:23","slug":"yasi-hofer-trio-kultbox-allgaeu","status":"publish","type":"post","link":"https:\/\/bildvogt.eu\/wordpress\/2019\/01\/12\/yasi-hofer-trio-kultbox-allgaeu\/","title":{"rendered":"Yasi Hofer Trio \/\/ kultBOX Allg\u00e4u"},"content":{"rendered":"\n<p>Es geht wieder los! Habe zugegebenerma\u00dfen im Jahr 2018 den Blog etwas schleifen lassen, aber ich gelobe Besserung!<\/p>\n\n\n<p style=\"text-align: justify;\">Letzten Donnerstag war es soweit &#8211; gut zwei Jahre nach &#8222;Faith&#8220; stellten <strong>Yasi Hofer<\/strong> und ihre Bandmitglieder <strong>Christoph Scherer<\/strong> (Schlagzeug) und <strong>Steffen Knauss<\/strong> (Bass) ihr drittes Album <strong><em>&#8222;Freedom&#8220;<\/em><\/strong> vor. Zu der Release Party in der Allg\u00e4uer kultBOX, die zur bigBOX geh\u00f6rt, kamen jedoch wetterbedingt etwas weniger Leute als erwartet \u2013 ich bin auf Grund der Gl\u00e4tte auch mehr geschlichen als gefahren, ab kurz hinter Woringen kam man auf der A7 nur noch im Schneckentempo voran. Erfreulich war aber, dass es neben dem harten Fanclub-Kern auch viele Besucher gab, die zum ersten Mal ein Yasi Hofer-Konzert besucht haben \u2013&nbsp;allesamt begeistert, soweit ich das beurteilen kann, die Kommentare, die ich zwischendurch zu h\u00f6ren bekam, waren jedenfalls alle durchweg positiv (&#8222;Mensch, DIE kann mal spielen, was?&#8220;). Punkt acht kamen die drei auf die B\u00fchne und legten sofort mit &#8222;Skydiver&#8220; los, es folgte ein Konzert mit sowohl neuen als auch bekannten Titeln (&#8222;Society&#8220;, &#8222;Sweet Autumn&#8220;), bei denen Yasi zwischen ihren Suhr- und Ibanez-Gitarren \u00f6fter mal wechselte. Nach \u00fcber zwei Stunden, in denen man den Musikern ihre Spielfreude und dem Publikum die Begeisterung f\u00f6rmlich an ihren Gesichtern ablesen konnte, gab es als letzten Titel &#8222;City of Green Fields&#8220; vom neuen Album, danach nahm sich die Band noch viel Zeit f\u00fcr ihre Fans am Merchandise-Stand. Wer die Gelegenheit hat, eins ihrer Konzerte zu besuchen, sollte sie sich nicht entgehen lassen! Den Tourplan gibts weiter unten nach den Fotos.<\/p>\n\n\n<ul class=\"wp-block-gallery columns-1 is-cropped wp-block-gallery-1 is-layout-flex wp-block-gallery-is-layout-flex\"><li class=\"blocks-gallery-item\"><figure><img loading=\"lazy\" decoding=\"async\" width=\"1024\" height=\"654\" src=\"http:\/\/emvee.de\/wordpress\/wp-content\/uploads\/2019\/01\/IMG5640-1024x654.jpg\" alt=\"\" data-id=\"588\" data-link=\"http:\/\/emvee.de\/wordpress\/?attachment_id=588\" class=\"wp-image-588\" srcset=\"https:\/\/bildvogt.eu\/wordpress\/wp-content\/uploads\/2019\/01\/IMG5640-1024x654.jpg 1024w, https:\/\/bildvogt.eu\/wordpress\/wp-content\/uploads\/2019\/01\/IMG5640-300x191.jpg 300w, https:\/\/bildvogt.eu\/wordpress\/wp-content\/uploads\/2019\/01\/IMG5640-768x490.jpg 768w, https:\/\/bildvogt.eu\/wordpress\/wp-content\/uploads\/2019\/01\/IMG5640-1240x791.jpg 1240w, https:\/\/bildvogt.eu\/wordpress\/wp-content\/uploads\/2019\/01\/IMG5640-508x324.jpg 508w\" sizes=\"auto, (max-width: 1024px) 100vw, 1024px\" \/><\/figure><\/li><\/ul>\n\n\n\n<ul class=\"wp-block-gallery columns-1 is-cropped wp-block-gallery-2 is-layout-flex wp-block-gallery-is-layout-flex\"><li class=\"blocks-gallery-item\"><figure><img loading=\"lazy\" decoding=\"async\" width=\"1024\" height=\"705\" src=\"http:\/\/emvee.de\/wordpress\/wp-content\/uploads\/2019\/01\/IMG4996-1-1024x705.jpg\" alt=\"\" data-id=\"590\" data-link=\"http:\/\/emvee.de\/wordpress\/?attachment_id=590\" class=\"wp-image-590\" srcset=\"https:\/\/bildvogt.eu\/wordpress\/wp-content\/uploads\/2019\/01\/IMG4996-1-1024x705.jpg 1024w, https:\/\/bildvogt.eu\/wordpress\/wp-content\/uploads\/2019\/01\/IMG4996-1-300x206.jpg 300w, https:\/\/bildvogt.eu\/wordpress\/wp-content\/uploads\/2019\/01\/IMG4996-1-768x529.jpg 768w, https:\/\/bildvogt.eu\/wordpress\/wp-content\/uploads\/2019\/01\/IMG4996-1-1240x853.jpg 1240w, https:\/\/bildvogt.eu\/wordpress\/wp-content\/uploads\/2019\/01\/IMG4996-1-508x350.jpg 508w\" sizes=\"auto, (max-width: 1024px) 100vw, 1024px\" \/><figcaption>Yasi Hofer: Guitar \/ Vocals<\/figcaption><\/figure><\/li><\/ul>\n\n\n\n<ul class=\"wp-block-gallery columns-1 is-cropped wp-block-gallery-3 is-layout-flex wp-block-gallery-is-layout-flex\"><li class=\"blocks-gallery-item\"><figure><img loading=\"lazy\" decoding=\"async\" width=\"1024\" height=\"683\" src=\"http:\/\/emvee.de\/wordpress\/wp-content\/uploads\/2019\/01\/IMG6160-1-1024x683.jpg\" alt=\"\" data-id=\"595\" data-link=\"http:\/\/emvee.de\/wordpress\/?attachment_id=595\" class=\"wp-image-595\" srcset=\"https:\/\/bildvogt.eu\/wordpress\/wp-content\/uploads\/2019\/01\/IMG6160-1-1024x683.jpg 1024w, https:\/\/bildvogt.eu\/wordpress\/wp-content\/uploads\/2019\/01\/IMG6160-1-300x200.jpg 300w, https:\/\/bildvogt.eu\/wordpress\/wp-content\/uploads\/2019\/01\/IMG6160-1-768x512.jpg 768w, https:\/\/bildvogt.eu\/wordpress\/wp-content\/uploads\/2019\/01\/IMG6160-1-1240x827.jpg 1240w, https:\/\/bildvogt.eu\/wordpress\/wp-content\/uploads\/2019\/01\/IMG6160-1-508x339.jpg 508w\" sizes=\"auto, (max-width: 1024px) 100vw, 1024px\" \/><figcaption>Christoph Scherer: Drums<\/figcaption><\/figure><\/li><\/ul>\n\n\n\n<ul class=\"wp-block-gallery columns-1 is-cropped wp-block-gallery-4 is-layout-flex wp-block-gallery-is-layout-flex\"><li class=\"blocks-gallery-item\"><figure><img loading=\"lazy\" decoding=\"async\" width=\"1024\" height=\"683\" src=\"http:\/\/emvee.de\/wordpress\/wp-content\/uploads\/2019\/01\/IMG5215-1-1024x683.jpg\" alt=\"\" data-id=\"593\" data-link=\"http:\/\/emvee.de\/wordpress\/?attachment_id=593\" class=\"wp-image-593\" srcset=\"https:\/\/bildvogt.eu\/wordpress\/wp-content\/uploads\/2019\/01\/IMG5215-1-1024x683.jpg 1024w, https:\/\/bildvogt.eu\/wordpress\/wp-content\/uploads\/2019\/01\/IMG5215-1-300x200.jpg 300w, https:\/\/bildvogt.eu\/wordpress\/wp-content\/uploads\/2019\/01\/IMG5215-1-768x513.jpg 768w, https:\/\/bildvogt.eu\/wordpress\/wp-content\/uploads\/2019\/01\/IMG5215-1-1240x828.jpg 1240w, https:\/\/bildvogt.eu\/wordpress\/wp-content\/uploads\/2019\/01\/IMG5215-1-508x339.jpg 508w\" sizes=\"auto, (max-width: 1024px) 100vw, 1024px\" \/><figcaption>Steffen Knauss: Bass<\/figcaption><\/figure><\/li><\/ul>\n\n\n\n<ul class=\"wp-block-gallery columns-1 is-cropped wp-block-gallery-5 is-layout-flex wp-block-gallery-is-layout-flex\"><li class=\"blocks-gallery-item\"><figure><img loading=\"lazy\" decoding=\"async\" width=\"1024\" height=\"683\" src=\"http:\/\/emvee.de\/wordpress\/wp-content\/uploads\/2019\/01\/IMG5511-1024x683.jpg\" alt=\"\" data-id=\"594\" data-link=\"http:\/\/emvee.de\/wordpress\/?attachment_id=594\" class=\"wp-image-594\" srcset=\"https:\/\/bildvogt.eu\/wordpress\/wp-content\/uploads\/2019\/01\/IMG5511-1024x683.jpg 1024w, https:\/\/bildvogt.eu\/wordpress\/wp-content\/uploads\/2019\/01\/IMG5511-300x200.jpg 300w, https:\/\/bildvogt.eu\/wordpress\/wp-content\/uploads\/2019\/01\/IMG5511-768x512.jpg 768w, https:\/\/bildvogt.eu\/wordpress\/wp-content\/uploads\/2019\/01\/IMG5511-1240x827.jpg 1240w, https:\/\/bildvogt.eu\/wordpress\/wp-content\/uploads\/2019\/01\/IMG5511-508x339.jpg 508w\" sizes=\"auto, (max-width: 1024px) 100vw, 1024px\" \/><\/figure><\/li><\/ul>\n\n\n\n<ul class=\"wp-block-gallery columns-1 is-cropped wp-block-gallery-6 is-layout-flex wp-block-gallery-is-layout-flex\"><li class=\"blocks-gallery-item\"><figure><img loading=\"lazy\" decoding=\"async\" width=\"1024\" height=\"683\" src=\"http:\/\/emvee.de\/wordpress\/wp-content\/uploads\/2019\/01\/IMG6567-1024x683.jpg\" alt=\"\" data-id=\"596\" data-link=\"http:\/\/emvee.de\/wordpress\/?attachment_id=596\" class=\"wp-image-596\" srcset=\"https:\/\/bildvogt.eu\/wordpress\/wp-content\/uploads\/2019\/01\/IMG6567-1024x683.jpg 1024w, https:\/\/bildvogt.eu\/wordpress\/wp-content\/uploads\/2019\/01\/IMG6567-300x200.jpg 300w, https:\/\/bildvogt.eu\/wordpress\/wp-content\/uploads\/2019\/01\/IMG6567-768x512.jpg 768w, https:\/\/bildvogt.eu\/wordpress\/wp-content\/uploads\/2019\/01\/IMG6567-1240x827.jpg 1240w, https:\/\/bildvogt.eu\/wordpress\/wp-content\/uploads\/2019\/01\/IMG6567-508x339.jpg 508w\" sizes=\"auto, (max-width: 1024px) 100vw, 1024px\" \/><\/figure><\/li><\/ul>\n\n\n\n<ul class=\"wp-block-gallery columns-1 is-cropped wp-block-gallery-7 is-layout-flex wp-block-gallery-is-layout-flex\"><li class=\"blocks-gallery-item\"><figure><img loading=\"lazy\" decoding=\"async\" width=\"920\" height=\"920\" src=\"http:\/\/emvee.de\/wordpress\/wp-content\/uploads\/2019\/01\/yasi-cover.jpg\" alt=\"\" data-id=\"602\" data-link=\"http:\/\/emvee.de\/wordpress\/2019\/01\/12\/yasi-hofer-trio-kultbox-allgaeu\/yasi-cover\/\" class=\"wp-image-602\" srcset=\"https:\/\/bildvogt.eu\/wordpress\/wp-content\/uploads\/2019\/01\/yasi-cover.jpg 920w, https:\/\/bildvogt.eu\/wordpress\/wp-content\/uploads\/2019\/01\/yasi-cover-150x150.jpg 150w, https:\/\/bildvogt.eu\/wordpress\/wp-content\/uploads\/2019\/01\/yasi-cover-300x300.jpg 300w, https:\/\/bildvogt.eu\/wordpress\/wp-content\/uploads\/2019\/01\/yasi-cover-768x768.jpg 768w, https:\/\/bildvogt.eu\/wordpress\/wp-content\/uploads\/2019\/01\/yasi-cover-508x508.jpg 508w\" sizes=\"auto, (max-width: 920px) 100vw, 920px\" \/><figcaption>Das neue Album &#8222;Freedom&#8220;<\/figcaption><\/figure><\/li><\/ul>\n\n\n\n<p>Wer das Trio mal live sehen will: Die n\u00e4chsten Stationen sind:<\/p>\n\n\n\n<ul class=\"wp-block-list\"><li><del>18.01.: Hirsch, Glems<\/del> (ausverkauft!)<\/li><li>14.02.: Kammerspiele, Ansbach<\/li><li>15.02.: Klangb\u00fchne, Gaggenau<\/li><li>02.03.: Village, Habach<\/li><li>06.03.: Meisenfrei, Bremen<\/li><li>07.03.: Pitcher, D\u00fcsseldorf<\/li><li>08.03.: N\u00f6rgelbuff, G\u00f6ttingen<\/li><li>09.03.: Caf\u00e9 Liebevoll, Fehmarn<\/li><li>10.03.: Logo, Hamburg (Sternschanze\/Rotherbaum)<\/li><li>22.03.: Die Halle, Reichenbach<\/li><li>03.04.: Caf\u00e9 Museum, Passau<\/li><li>04.04.: Smaragd, Linz (A)<\/li><li>05.04.: Lots Music, Budapest (H)<\/li><li>06.04.: Bluegarage, Frauental (A)<\/li><li>07.04.: Reigen, Wien (A)<\/li><li>08.04.: Museum, Bratislava (SK)<\/li><li>09.04.: Rattlesnake Saloon, M\u00fcnchen<\/li><li>26.04.: Hirsch, Glems (Zusatzvorstellung!)<\/li><li>27.04.: Flieger, Tettnang<\/li><li>04.05.: Roxy, Ulm<\/li><li>18.05.: Atelier Jazzclub, Nowy S\u0105cz (PL)<\/li><li>24.05.: KuZ, Mainz<\/li><li>25.05.: K\u00fchlerschiff, Unna<\/li><li>26.05.: De Boerderij, Zoetermeer (NL)<\/li><li>06.07.: Open Air, B\u00fchlertal<\/li><li>28.09.: Kulturbastion, Torgau<\/li><li>29.09.: Spectrum, Augsburg<\/li><li>25.10.: Kaminwerk, Memmingen<\/li><\/ul>\n\n\n\n<p>Website: <a href=\"http:\/\/www.yasihofer.com\" target=\"_blank\" rel=\"noreferrer noopener\" aria-label=\"www.yasihofer.com (\u00f6ffnet in neuem Tab)\">www.yasihofer.com<\/a><\/p>\n","protected":false},"excerpt":{"rendered":"<p>Es geht wieder los! Habe zugegebenerma\u00dfen im Jahr 2018 den Blog etwas schleifen lassen, aber ich gelobe Besserung! Letzten Donnerstag war es soweit &#8211; gut zwei Jahre nach &#8222;Faith&#8220; stellten Yasi Hofer und ihre Bandmitglieder Christoph Scherer (Schlagzeug) und Steffen Knauss (Bass) ihr drittes Album &#8222;Freedom&#8220; vor. Zu der Release Party in der Allg\u00e4uer kultBOX,&#8230;<\/p>\n<p class=\"more-link-wrap\"><a href=\"https:\/\/bildvogt.eu\/wordpress\/2019\/01\/12\/yasi-hofer-trio-kultbox-allgaeu\/\" class=\"more-link\">Weiterlesen<span class=\"screen-reader-text\"> &ldquo;Yasi Hofer Trio \/\/ kultBOX Allg\u00e4u&rdquo;<\/span> &raquo;<\/a><\/p>\n","protected":false},"author":1,"featured_media":588,"comment_status":"open","ping_status":"open","sticky":false,"template":"","format":"standard","meta":{"footnotes":""},"categories":[266,19],"tags":[325,327,329,328,326,20,21,330,111],"class_list":["post-587","post","type-post","status-publish","format-standard","has-post-thumbnail","hentry","category-allgaeu","category-konzertfotografie","tag-bigbox-allgaeu","tag-cd-release","tag-christoph-scherer","tag-freedom","tag-kempten","tag-konzert","tag-konzertfotografie","tag-steffen-knauss","tag-yasi-hofer"],"_links":{"self":[{"href":"https:\/\/bildvogt.eu\/wordpress\/wp-json\/wp\/v2\/posts\/587","targetHints":{"allow":["GET"]}}],"collection":[{"href":"https:\/\/bildvogt.eu\/wordpress\/wp-json\/wp\/v2\/posts"}],"about":[{"href":"https:\/\/bildvogt.eu\/wordpress\/wp-json\/wp\/v2\/types\/post"}],"author":[{"embeddable":true,"href":"https:\/\/bildvogt.eu\/wordpress\/wp-json\/wp\/v2\/users\/1"}],"replies":[{"embeddable":true,"href":"https:\/\/bildvogt.eu\/wordpress\/wp-json\/wp\/v2\/comments?post=587"}],"version-history":[{"count":10,"href":"https:\/\/bildvogt.eu\/wordpress\/wp-json\/wp\/v2\/posts\/587\/revisions"}],"predecessor-version":[{"id":618,"href":"https:\/\/bildvogt.eu\/wordpress\/wp-json\/wp\/v2\/posts\/587\/revisions\/618"}],"wp:featuredmedia":[{"embeddable":true,"href":"https:\/\/bildvogt.eu\/wordpress\/wp-json\/wp\/v2\/media\/588"}],"wp:attachment":[{"href":"https:\/\/bildvogt.eu\/wordpress\/wp-json\/wp\/v2\/media?parent=587"}],"wp:term":[{"taxonomy":"category","embeddable":true,"href":"https:\/\/bildvogt.eu\/wordpress\/wp-json\/wp\/v2\/categories?post=587"},{"taxonomy":"post_tag","embeddable":true,"href":"https:\/\/bildvogt.eu\/wordpress\/wp-json\/wp\/v2\/tags?post=587"}],"curies":[{"name":"wp","href":"https:\/\/api.w.org\/{rel}","templated":true}]}}