{"id":499,"date":"2018-04-15T13:57:28","date_gmt":"2018-04-15T11:57:28","guid":{"rendered":"http:\/\/emvee.de\/wordpress\/?p=499"},"modified":"2018-04-15T15:33:42","modified_gmt":"2018-04-15T13:33:42","slug":"in-ulm-um-ulm-um-ulm-herum-folge-2-die-bundesfestung","status":"publish","type":"post","link":"https:\/\/bildvogt.eu\/wordpress\/2018\/04\/15\/in-ulm-um-ulm-um-ulm-herum-folge-2-die-bundesfestung\/","title":{"rendered":"In Ulm, um Ulm, um Ulm herum \u2013\u00a0Folge 2: Die Bundesfestung"},"content":{"rendered":"<p style=\"text-align: justify;\">Wer mit aufmerksamen Augen durch Ulm geht, dem f\u00e4llt auf, dass \u00fcberall in der Stadt seltsame Kalksteinbauten verstreut sind. Einige davon, wie beispielsweise das Ehinger Tor, die sogenannte &#8222;Pionierkaserne&#8220; oder die Kienlesbergbastion beim Alten Fritz kennt wohl so gut wie jeder, andere Bauwerke sind dagegen nur wenig bekannt. Doch alle haben eine Gemeinsamkeit: Sie geh\u00f6ren zum gr\u00f6\u00dften Festungsbau des 19. Jahrhunderts in Deutschland.<\/p>\n<p>Ein kurzer Ausflug in die Geschichte:<\/p>\n<p style=\"text-align: justify;\">Bekanntlich gelangte der geb\u00fcrtige Korse Napoleone Buonaparte nach der Franz\u00f6sischen Revolution schrittweise an die Macht, war dann ab 1799 faktisch Staatsoberhaupt und ernannte sich 1804 als Napol\u00e9on I zum Kaiser der Franzosen. Er \u00fcberzog den europ\u00e4ischen Kontinent mit mehreren Kriegen, um den Einfluss Frankreichs zu vergr\u00f6\u00dfern. 1813 musste er nach der Niederlage in der V\u00f6lkerschlacht bei Leipzig langsam den R\u00fcckzug antreten, wurde 1814 auf Elba verbannt, kehrte 1815 noch einmal f\u00fcr 100 Tage zur\u00fcck und wurde anschlie\u00dfend endg\u00fcltig auf die Atlantikinsel St. Helena verbannt, wo er 1821 starb.<\/p>\n<p style=\"text-align: justify;\">1814\/15 tagte der Wiener Kongress, der sich um die Restoration des Machtgef\u00fcges in Europa k\u00fcmmerte. Das Heilige R\u00f6mische Reich Deutscher Nation war mit der Niederlegung der Krone durch Kaiser Franz II. am 6.8.1806 endg\u00fcltig untergegangen \u2013 seit 1648 bestand es aber ohnehin nur noch auf dem Papier, die Einzelstaaten (\u00fcber 300 an der Zahl!) waren mehr oder weniger eigenst\u00e4ndig. Die Zahl der Staaten schrumpfte durch die S\u00e4kularisation der geistlichen Territorien im Reichsdeputationshauptschluss, Aussterben von Herrschaftsh\u00e4usern und auch den Koalitionskriegen auf nur noch 39 Staaten im Jahr 1815. Diese wurden im &#8222;Deutschen Bund&#8220; als Nachfolger des Reichs organisiert, einem sehr lockeren Staatenverbund, dem der \u00f6sterreichische Kaiser als Bundespr\u00e4sident vorstand. Vereinbart wurde dabei auch der Bau von Bundesfestungen entlang der Grenzen zu Frankreich, um einen k\u00fcnftigen Angriffskrieg Frankreichs abwehren zu k\u00f6nnen. Zuerst wurden die schon bestehenden Festungen in Luxemburg, Landau und Mainz zu Bundesfestungen ausgebaut. 1841 wurde der Bau von zwei neuen Festungen beauftragt, die eine sollte im badischen Rastatt entstehen, die andere im w\u00fcrttembergischen Ulm mit einem Br\u00fcckenkopf im bayerischen Dorf Neu-Ulm, diese sollte die gr\u00f6\u00dfte der Festungen werden und als zentraler Waffenplatz f\u00fcr S\u00fcddeutschland gelten.<\/p>\n<p style=\"text-align: justify;\">Von 1842 bis 1859 wurde die Festung errichtet, an ihr arbeiteten mehrere tausend Handwerker, die aus dem ganzen Bund angereist waren. Leiter des Festungsbaus waren der preu\u00dfische Major Moritz Karl Ernst von Prittwitz f\u00fcr die w\u00fcrttembergische Seite und Major Theodor von Hildebrandt auf der bayerischen Seite, der diese Aufgabe vom verstorbenen Friedrich Herdegen \u00fcbernahm. Bei Fertigstellung der Festung war diese allerdings schon wieder veraltet, da sich in der Zwischenzeit die Waffentechnik weiterentwickelte. Mit dem Zusammenbruch des Bundes im Juli 1866 nach dem Deutschen Krieg und der Reichsgr\u00fcndung 1871 ging die Bundesfestung zur Reichsfestung Ulm \u00fcber. Sie wurde ab 1875 umfassend modernisiert, ab 1901 wurden mehrere zus\u00e4tzliche St\u00fctzpunkte gebaut, der innere Festungsring wurde ab 1900 schrittweise aufgegeben und ab 1914 wurde begonnen, die Festung f\u00fcr den 1. Weltkrieg zu r\u00fcsten. Nachdem der Feind aber nie bis nach Ulm kam, wurden die Arbeiten schon im September 1914 eingestellt. Nach dem 2. Weltkrieg verfiel die Festung zusehends, bis der Tierarzt Dr. Otmar Sch\u00e4uffelen 1967 mit Aufr\u00e4umarbeiten am Fort Oberer Kuhberg begann, aus diesem Engagement entwickelte sich dann 1974 der F\u00f6rderkreis Bundesfestung Ulm e.V., der sich bis heute ehrenamtlich um die noch verbliebenen Festungsteile k\u00fcmmert.<\/p>\n<p>Genug Geschichte, machen wir einen kleinen Rundgang durch die Ulmer Festung. Wir beginnen am Werk I auf der Ulmer Seite, also der Oberen Donaubastion. Hier befinden sich heute u.a. das Kulturzentrum Roxy, die Skaterhalle und der Club Schilli.<\/p>\n<figure id=\"attachment_500\" aria-describedby=\"caption-attachment-500\" style=\"width: 600px\" class=\"wp-caption aligncenter\"><img loading=\"lazy\" decoding=\"async\" class=\"size-large wp-image-500\" src=\"http:\/\/emvee.de\/wordpress\/wp-content\/uploads\/2018\/04\/Ulm-West-\u2013-Obere-Donaubastion-1-1024x678.jpg\" alt=\"Obere Donaubastion\" width=\"600\" height=\"397\" srcset=\"https:\/\/bildvogt.eu\/wordpress\/wp-content\/uploads\/2018\/04\/Ulm-West-\u2013-Obere-Donaubastion-1-1024x678.jpg 1024w, https:\/\/bildvogt.eu\/wordpress\/wp-content\/uploads\/2018\/04\/Ulm-West-\u2013-Obere-Donaubastion-1-300x199.jpg 300w, https:\/\/bildvogt.eu\/wordpress\/wp-content\/uploads\/2018\/04\/Ulm-West-\u2013-Obere-Donaubastion-1-768x509.jpg 768w, https:\/\/bildvogt.eu\/wordpress\/wp-content\/uploads\/2018\/04\/Ulm-West-\u2013-Obere-Donaubastion-1-1240x821.jpg 1240w, https:\/\/bildvogt.eu\/wordpress\/wp-content\/uploads\/2018\/04\/Ulm-West-\u2013-Obere-Donaubastion-1-508x336.jpg 508w\" sizes=\"auto, (max-width: 600px) 100vw, 600px\" \/><figcaption id=\"caption-attachment-500\" class=\"wp-caption-text\">Obere Donaubastion<\/figcaption><\/figure>\n<p>Weiter geht es entlang des Bismarckrings in Richtung Norden, wo man am Ehinger Tor vorbeikommt.<\/p>\n<figure id=\"attachment_501\" aria-describedby=\"caption-attachment-501\" style=\"width: 600px\" class=\"wp-caption aligncenter\"><img loading=\"lazy\" decoding=\"async\" class=\"size-large wp-image-501\" src=\"http:\/\/emvee.de\/wordpress\/wp-content\/uploads\/2018\/04\/Ulm-West-\u2013-Courtine-II-1-1024x678.jpg\" alt=\"Ehinger Tor\" width=\"600\" height=\"397\" srcset=\"https:\/\/bildvogt.eu\/wordpress\/wp-content\/uploads\/2018\/04\/Ulm-West-\u2013-Courtine-II-1-1024x678.jpg 1024w, https:\/\/bildvogt.eu\/wordpress\/wp-content\/uploads\/2018\/04\/Ulm-West-\u2013-Courtine-II-1-300x199.jpg 300w, https:\/\/bildvogt.eu\/wordpress\/wp-content\/uploads\/2018\/04\/Ulm-West-\u2013-Courtine-II-1-768x509.jpg 768w, https:\/\/bildvogt.eu\/wordpress\/wp-content\/uploads\/2018\/04\/Ulm-West-\u2013-Courtine-II-1-1240x822.jpg 1240w, https:\/\/bildvogt.eu\/wordpress\/wp-content\/uploads\/2018\/04\/Ulm-West-\u2013-Courtine-II-1-508x337.jpg 508w\" sizes=\"auto, (max-width: 600px) 100vw, 600px\" \/><figcaption id=\"caption-attachment-501\" class=\"wp-caption-text\">Ehinger Tor<\/figcaption><\/figure>\n<p>Immer noch in Richtung Norden gehend, muss man am Westring ein wenig suchen, denn hinter den B\u00fcschen auf der Ostseite versteckt sich der sogenannte &#8222;B\u00f6blinger Turm&#8220;, das Reduit der fr\u00fcheren Mittelbastion (Werk IV).<\/p>\n<figure id=\"attachment_502\" aria-describedby=\"caption-attachment-502\" style=\"width: 600px\" class=\"wp-caption aligncenter\"><img loading=\"lazy\" decoding=\"async\" class=\"size-large wp-image-502\" src=\"http:\/\/emvee.de\/wordpress\/wp-content\/uploads\/2018\/04\/Ulm-West-\u2013-Mittelbastion-1-1024x680.jpg\" alt=\"Mittelbastion\" width=\"600\" height=\"398\" srcset=\"https:\/\/bildvogt.eu\/wordpress\/wp-content\/uploads\/2018\/04\/Ulm-West-\u2013-Mittelbastion-1-1024x680.jpg 1024w, https:\/\/bildvogt.eu\/wordpress\/wp-content\/uploads\/2018\/04\/Ulm-West-\u2013-Mittelbastion-1-300x199.jpg 300w, https:\/\/bildvogt.eu\/wordpress\/wp-content\/uploads\/2018\/04\/Ulm-West-\u2013-Mittelbastion-1-768x510.jpg 768w, https:\/\/bildvogt.eu\/wordpress\/wp-content\/uploads\/2018\/04\/Ulm-West-\u2013-Mittelbastion-1-1240x824.jpg 1240w, https:\/\/bildvogt.eu\/wordpress\/wp-content\/uploads\/2018\/04\/Ulm-West-\u2013-Mittelbastion-1-508x338.jpg 508w\" sizes=\"auto, (max-width: 600px) 100vw, 600px\" \/><figcaption id=\"caption-attachment-502\" class=\"wp-caption-text\">Mittelbastion<\/figcaption><\/figure>\n<p>Wenn man den Hindenburgring dann weiter entlang geht, kommt man zum unter Autofahrern ber\u00fcchtigten Blaubeurer Ring. In dessen Mitte steht das Blaubeurer Tor, das durch B\u00fcrgerinitiativen und den Verein Alt-Ulm in den 1960ern vor dem Abriss bewahrt werden konnte.<\/p>\n<figure id=\"attachment_503\" aria-describedby=\"caption-attachment-503\" style=\"width: 600px\" class=\"wp-caption aligncenter\"><img loading=\"lazy\" decoding=\"async\" class=\"size-large wp-image-503\" src=\"http:\/\/emvee.de\/wordpress\/wp-content\/uploads\/2018\/04\/Ulm-West-\u2013-Blaubeurer-Tor-1-680x1024.jpg\" alt=\"Blaubeurer Tor\" width=\"600\" height=\"904\" srcset=\"https:\/\/bildvogt.eu\/wordpress\/wp-content\/uploads\/2018\/04\/Ulm-West-\u2013-Blaubeurer-Tor-1-680x1024.jpg 680w, https:\/\/bildvogt.eu\/wordpress\/wp-content\/uploads\/2018\/04\/Ulm-West-\u2013-Blaubeurer-Tor-1-199x300.jpg 199w, https:\/\/bildvogt.eu\/wordpress\/wp-content\/uploads\/2018\/04\/Ulm-West-\u2013-Blaubeurer-Tor-1-768x1156.jpg 768w, https:\/\/bildvogt.eu\/wordpress\/wp-content\/uploads\/2018\/04\/Ulm-West-\u2013-Blaubeurer-Tor-1-1240x1866.jpg 1240w, https:\/\/bildvogt.eu\/wordpress\/wp-content\/uploads\/2018\/04\/Ulm-West-\u2013-Blaubeurer-Tor-1-508x765.jpg 508w\" sizes=\"auto, (max-width: 600px) 100vw, 600px\" \/><figcaption id=\"caption-attachment-503\" class=\"wp-caption-text\">Blaubeurer Tor<\/figcaption><\/figure>\n<p>Jetzt muss man den Fu\u00dfweg entlang der Bundesstra\u00dfe nehmen, um zum n\u00e4chsten Festungsteil zu gelangen. Ab diesem sind dann alle Werke bis hin zur Oberen Gaisenbergbastion mehr oder weniger vollst\u00e4ndig erhalten. Zuerst kommt man an die Kienlesbergbastion, deren imposante Doppelcaponniere jedem Autofahrer bekannt vorkommen d\u00fcrfte. Hier ein Bild vom Reduitgeb\u00e4ude:<\/p>\n<figure id=\"attachment_504\" aria-describedby=\"caption-attachment-504\" style=\"width: 600px\" class=\"wp-caption aligncenter\"><img loading=\"lazy\" decoding=\"async\" class=\"size-large wp-image-504\" src=\"http:\/\/emvee.de\/wordpress\/wp-content\/uploads\/2018\/04\/Ulm-\u2013-Kienlesbergbastion-1-1024x680.jpg\" alt=\"Kienlesbergbastion\" width=\"600\" height=\"398\" srcset=\"https:\/\/bildvogt.eu\/wordpress\/wp-content\/uploads\/2018\/04\/Ulm-\u2013-Kienlesbergbastion-1-1024x680.jpg 1024w, https:\/\/bildvogt.eu\/wordpress\/wp-content\/uploads\/2018\/04\/Ulm-\u2013-Kienlesbergbastion-1-300x199.jpg 300w, https:\/\/bildvogt.eu\/wordpress\/wp-content\/uploads\/2018\/04\/Ulm-\u2013-Kienlesbergbastion-1-768x510.jpg 768w, https:\/\/bildvogt.eu\/wordpress\/wp-content\/uploads\/2018\/04\/Ulm-\u2013-Kienlesbergbastion-1-1240x824.jpg 1240w, https:\/\/bildvogt.eu\/wordpress\/wp-content\/uploads\/2018\/04\/Ulm-\u2013-Kienlesbergbastion-1-508x338.jpg 508w\" sizes=\"auto, (max-width: 600px) 100vw, 600px\" \/><figcaption id=\"caption-attachment-504\" class=\"wp-caption-text\">Kienlesbergbastion<\/figcaption><\/figure>\n<p>Durch die Bastion kann man hindurchgehen und \u00fcber den Wall gelangt man dann zur Courtine XI, die die Bastion mit der Wilhelmsburg verbindet.<\/p>\n<figure id=\"attachment_505\" aria-describedby=\"caption-attachment-505\" style=\"width: 600px\" class=\"wp-caption aligncenter\"><img loading=\"lazy\" decoding=\"async\" class=\"size-large wp-image-505\" src=\"http:\/\/emvee.de\/wordpress\/wp-content\/uploads\/2018\/04\/Ulm-\u2013-Courtine-XI-4-1024x680.jpg\" alt=\"Courtine XI\" width=\"600\" height=\"398\" srcset=\"https:\/\/bildvogt.eu\/wordpress\/wp-content\/uploads\/2018\/04\/Ulm-\u2013-Courtine-XI-4-1024x680.jpg 1024w, https:\/\/bildvogt.eu\/wordpress\/wp-content\/uploads\/2018\/04\/Ulm-\u2013-Courtine-XI-4-300x199.jpg 300w, https:\/\/bildvogt.eu\/wordpress\/wp-content\/uploads\/2018\/04\/Ulm-\u2013-Courtine-XI-4-768x510.jpg 768w, https:\/\/bildvogt.eu\/wordpress\/wp-content\/uploads\/2018\/04\/Ulm-\u2013-Courtine-XI-4-1240x824.jpg 1240w, https:\/\/bildvogt.eu\/wordpress\/wp-content\/uploads\/2018\/04\/Ulm-\u2013-Courtine-XI-4-508x338.jpg 508w\" sizes=\"auto, (max-width: 600px) 100vw, 600px\" \/><figcaption id=\"caption-attachment-505\" class=\"wp-caption-text\">Courtine XI<\/figcaption><\/figure>\n<p>Die Kr\u00f6nung erwartet einen dann auf dem Michelsberg: Die imposante Wilhelmsburg. In den Innenhof der gigantischen Zitadelle, die an der Au\u00dfenseite 200 x 130 Meter misst und ein gesch\u00e4tztes Gewicht von 300.000 Tonnen hat, w\u00fcrde das Ulmer M\u00fcnster bequem hineinpassen.<\/p>\n<figure id=\"attachment_506\" aria-describedby=\"caption-attachment-506\" style=\"width: 600px\" class=\"wp-caption aligncenter\"><img loading=\"lazy\" decoding=\"async\" class=\"size-large wp-image-506\" src=\"http:\/\/emvee.de\/wordpress\/wp-content\/uploads\/2018\/04\/Ulm-\u2013-Wilhelmsburg-50-1024x683.jpg\" alt=\"Wilhelmsburg\" width=\"600\" height=\"400\" srcset=\"https:\/\/bildvogt.eu\/wordpress\/wp-content\/uploads\/2018\/04\/Ulm-\u2013-Wilhelmsburg-50-1024x683.jpg 1024w, https:\/\/bildvogt.eu\/wordpress\/wp-content\/uploads\/2018\/04\/Ulm-\u2013-Wilhelmsburg-50-300x200.jpg 300w, https:\/\/bildvogt.eu\/wordpress\/wp-content\/uploads\/2018\/04\/Ulm-\u2013-Wilhelmsburg-50-768x512.jpg 768w, https:\/\/bildvogt.eu\/wordpress\/wp-content\/uploads\/2018\/04\/Ulm-\u2013-Wilhelmsburg-50-1240x827.jpg 1240w, https:\/\/bildvogt.eu\/wordpress\/wp-content\/uploads\/2018\/04\/Ulm-\u2013-Wilhelmsburg-50-508x339.jpg 508w\" sizes=\"auto, (max-width: 600px) 100vw, 600px\" \/><figcaption id=\"caption-attachment-506\" class=\"wp-caption-text\">Wilhelmsburg<\/figcaption><\/figure>\n<p>N\u00f6rdlich der Wilhelmsburg befindet sich die Wilhelmsfeste, die aus f\u00fcnf Festungswerken besteht. Sie ist zusammen mit dem vorgelagerten Fort Prittwitz der einzige Teil der Festung, der auch heute noch vom Milit\u00e4r genutzt wird.<\/p>\n<figure id=\"attachment_507\" aria-describedby=\"caption-attachment-507\" style=\"width: 600px\" class=\"wp-caption aligncenter\"><img loading=\"lazy\" decoding=\"async\" class=\"size-large wp-image-507\" src=\"http:\/\/emvee.de\/wordpress\/wp-content\/uploads\/2018\/04\/Ulm-\u2013-Redoute-XIV-1-1024x680.jpg\" alt=\"Reduit der Redoute XIV\" width=\"600\" height=\"398\" srcset=\"https:\/\/bildvogt.eu\/wordpress\/wp-content\/uploads\/2018\/04\/Ulm-\u2013-Redoute-XIV-1-1024x680.jpg 1024w, https:\/\/bildvogt.eu\/wordpress\/wp-content\/uploads\/2018\/04\/Ulm-\u2013-Redoute-XIV-1-300x199.jpg 300w, https:\/\/bildvogt.eu\/wordpress\/wp-content\/uploads\/2018\/04\/Ulm-\u2013-Redoute-XIV-1-768x510.jpg 768w, https:\/\/bildvogt.eu\/wordpress\/wp-content\/uploads\/2018\/04\/Ulm-\u2013-Redoute-XIV-1-1240x824.jpg 1240w, https:\/\/bildvogt.eu\/wordpress\/wp-content\/uploads\/2018\/04\/Ulm-\u2013-Redoute-XIV-1-508x338.jpg 508w\" sizes=\"auto, (max-width: 600px) 100vw, 600px\" \/><figcaption id=\"caption-attachment-507\" class=\"wp-caption-text\">Reduit der Redoute XIV<\/figcaption><\/figure>\n<p>Einmal um die Feste herum und an der Wilhelmsburg wieder vorbei, geht man die Prittwitzstra\u00dfe hinunter und kommt so an der Courtine XVIII vorbei.<\/p>\n<figure id=\"attachment_508\" aria-describedby=\"caption-attachment-508\" style=\"width: 600px\" class=\"wp-caption aligncenter\"><img loading=\"lazy\" decoding=\"async\" class=\"size-large wp-image-508\" src=\"http:\/\/emvee.de\/wordpress\/wp-content\/uploads\/2018\/04\/Ulm-\u2013-Courtine-XVIII-12-1024x683.jpg\" alt=\"Courtine XVIII\" width=\"600\" height=\"400\" srcset=\"https:\/\/bildvogt.eu\/wordpress\/wp-content\/uploads\/2018\/04\/Ulm-\u2013-Courtine-XVIII-12-1024x683.jpg 1024w, https:\/\/bildvogt.eu\/wordpress\/wp-content\/uploads\/2018\/04\/Ulm-\u2013-Courtine-XVIII-12-300x200.jpg 300w, https:\/\/bildvogt.eu\/wordpress\/wp-content\/uploads\/2018\/04\/Ulm-\u2013-Courtine-XVIII-12-768x513.jpg 768w, https:\/\/bildvogt.eu\/wordpress\/wp-content\/uploads\/2018\/04\/Ulm-\u2013-Courtine-XVIII-12-1240x828.jpg 1240w, https:\/\/bildvogt.eu\/wordpress\/wp-content\/uploads\/2018\/04\/Ulm-\u2013-Courtine-XVIII-12-508x339.jpg 508w\" sizes=\"auto, (max-width: 600px) 100vw, 600px\" \/><figcaption id=\"caption-attachment-508\" class=\"wp-caption-text\">Courtine XVIII<\/figcaption><\/figure>\n<p>Direkt um die Kurve der Prittwitzstra\u00dfe liegt dann die Obere Gaisenbergbastion (Werk XIX), und ab hier bis hinunter zur Donau pr\u00e4sentiert sich die Festung dann auch leider wieder sehr l\u00fcckenhaft.<\/p>\n<figure id=\"attachment_509\" aria-describedby=\"caption-attachment-509\" style=\"width: 600px\" class=\"wp-caption aligncenter\"><img loading=\"lazy\" decoding=\"async\" class=\"size-large wp-image-509\" src=\"http:\/\/emvee.de\/wordpress\/wp-content\/uploads\/2018\/04\/Ulm-\u2013-Obere-Gaisenbergbastion-2-1024x678.jpg\" alt=\"Obere Gaisenbergbastion\" width=\"600\" height=\"397\" srcset=\"https:\/\/bildvogt.eu\/wordpress\/wp-content\/uploads\/2018\/04\/Ulm-\u2013-Obere-Gaisenbergbastion-2-1024x678.jpg 1024w, https:\/\/bildvogt.eu\/wordpress\/wp-content\/uploads\/2018\/04\/Ulm-\u2013-Obere-Gaisenbergbastion-2-300x199.jpg 300w, https:\/\/bildvogt.eu\/wordpress\/wp-content\/uploads\/2018\/04\/Ulm-\u2013-Obere-Gaisenbergbastion-2-768x509.jpg 768w, https:\/\/bildvogt.eu\/wordpress\/wp-content\/uploads\/2018\/04\/Ulm-\u2013-Obere-Gaisenbergbastion-2-1240x821.jpg 1240w, https:\/\/bildvogt.eu\/wordpress\/wp-content\/uploads\/2018\/04\/Ulm-\u2013-Obere-Gaisenbergbastion-2-508x336.jpg 508w\" sizes=\"auto, (max-width: 600px) 100vw, 600px\" \/><figcaption id=\"caption-attachment-509\" class=\"wp-caption-text\">Obere Gaisenbergbastion<\/figcaption><\/figure>\n<p>Weiter bergab, entlang der Stuttgarter Stra\u00dfe, gelangt man dann zur Caponniere XX, die unter Ulmern besser als Jazzkeller Sauschdall oder Club CAT bekannt sein d\u00fcrfte. Am Fu\u00df des Michelsbergs angekommen, blickt man auf die Doppelcaponniere der Unteren Gaisenbergbastion (Werk XXI), von der leider seit dem Abriss in den 1960er Jahren nicht mehr allzu viel vorhanden ist.<\/p>\n<figure id=\"attachment_510\" aria-describedby=\"caption-attachment-510\" style=\"width: 600px\" class=\"wp-caption aligncenter\"><img loading=\"lazy\" decoding=\"async\" class=\"size-large wp-image-510\" src=\"http:\/\/emvee.de\/wordpress\/wp-content\/uploads\/2018\/04\/IMG3444-1024x699.jpg\" alt=\"Untere Gaisenbergbastion\" width=\"600\" height=\"410\" srcset=\"https:\/\/bildvogt.eu\/wordpress\/wp-content\/uploads\/2018\/04\/IMG3444-1024x699.jpg 1024w, https:\/\/bildvogt.eu\/wordpress\/wp-content\/uploads\/2018\/04\/IMG3444-300x205.jpg 300w, https:\/\/bildvogt.eu\/wordpress\/wp-content\/uploads\/2018\/04\/IMG3444-768x524.jpg 768w, https:\/\/bildvogt.eu\/wordpress\/wp-content\/uploads\/2018\/04\/IMG3444-1240x846.jpg 1240w, https:\/\/bildvogt.eu\/wordpress\/wp-content\/uploads\/2018\/04\/IMG3444-508x347.jpg 508w\" sizes=\"auto, (max-width: 600px) 100vw, 600px\" \/><figcaption id=\"caption-attachment-510\" class=\"wp-caption-text\">Untere Gaisenbergbastion<\/figcaption><\/figure>\n<p>Wenn man nun am Ostplatz nach links ins Wohngebiet abbiegt, l\u00e4uft man durch das Glacis bis zur Donau hinunter. Von den dazwischen liegenden Werken XXII und XXIII ist leider nur noch sehr wenig \u00fcbrig geblieben, so dass der n\u00e4chste gr\u00f6\u00dfere Bau auf der Strecke erst wieder die Untere Donaubastion ist, die heute vorwiegend als Schule genutzt wird.<\/p>\n<figure id=\"attachment_511\" aria-describedby=\"caption-attachment-511\" style=\"width: 600px\" class=\"wp-caption aligncenter\"><img loading=\"lazy\" decoding=\"async\" class=\"size-large wp-image-511\" src=\"http:\/\/emvee.de\/wordpress\/wp-content\/uploads\/2018\/04\/Ulm-Ost-\u2013-Untere-Donaubastion-3-1024x678.jpg\" alt=\"Untere Donaubastion\" width=\"600\" height=\"397\" srcset=\"https:\/\/bildvogt.eu\/wordpress\/wp-content\/uploads\/2018\/04\/Ulm-Ost-\u2013-Untere-Donaubastion-3-1024x678.jpg 1024w, https:\/\/bildvogt.eu\/wordpress\/wp-content\/uploads\/2018\/04\/Ulm-Ost-\u2013-Untere-Donaubastion-3-300x199.jpg 300w, https:\/\/bildvogt.eu\/wordpress\/wp-content\/uploads\/2018\/04\/Ulm-Ost-\u2013-Untere-Donaubastion-3-768x509.jpg 768w, https:\/\/bildvogt.eu\/wordpress\/wp-content\/uploads\/2018\/04\/Ulm-Ost-\u2013-Untere-Donaubastion-3-1240x821.jpg 1240w, https:\/\/bildvogt.eu\/wordpress\/wp-content\/uploads\/2018\/04\/Ulm-Ost-\u2013-Untere-Donaubastion-3-508x336.jpg 508w\" sizes=\"auto, (max-width: 600px) 100vw, 600px\" \/><figcaption id=\"caption-attachment-511\" class=\"wp-caption-text\">Untere Donaubastion<\/figcaption><\/figure>\n<p>Am Fluss findet man dann den Unteren Donauturm, der auf Grund seines Baustoffs oft nur &#8222;Roter Turm&#8220; genannt wird. Gleich nebenan befindet sich dann der Rest der L\u00e4ndemauer der Unteren Stadtkehle. Von hier aus sollte im Ernstfall eine Kette mit einem Glieddurchmesser von einem Meter \u00fcber die Donau bis zum Anschlussblockhaus der Halbbastion 1 auf der gegen\u00fcberliegenden Seite gespannt werden<\/p>\n<figure id=\"attachment_269\" aria-describedby=\"caption-attachment-269\" style=\"width: 600px\" class=\"wp-caption aligncenter\"><img loading=\"lazy\" decoding=\"async\" class=\"size-large wp-image-269\" src=\"http:\/\/emvee.de\/wordpress\/wp-content\/uploads\/2017\/01\/IMG5516-1024x683.jpg\" alt=\"Unterer Donauturm\" width=\"600\" height=\"400\" srcset=\"https:\/\/bildvogt.eu\/wordpress\/wp-content\/uploads\/2017\/01\/IMG5516-1024x683.jpg 1024w, https:\/\/bildvogt.eu\/wordpress\/wp-content\/uploads\/2017\/01\/IMG5516-300x200.jpg 300w, https:\/\/bildvogt.eu\/wordpress\/wp-content\/uploads\/2017\/01\/IMG5516-768x512.jpg 768w, https:\/\/bildvogt.eu\/wordpress\/wp-content\/uploads\/2017\/01\/IMG5516-1240x827.jpg 1240w, https:\/\/bildvogt.eu\/wordpress\/wp-content\/uploads\/2017\/01\/IMG5516-508x339.jpg 508w\" sizes=\"auto, (max-width: 600px) 100vw, 600px\" \/><figcaption id=\"caption-attachment-269\" class=\"wp-caption-text\">Unterer Donauturm<\/figcaption><\/figure>\n<p>Geht man nun \u00fcber die G\u00e4nstorbr\u00fccke nach Neu-Ulm, wird man erstmal vergeblich nach Festungswerken suchen \u2013 sie sind leider nicht mehr da. Neu-Ulm hat leider bis in die j\u00fcngste Zeit ziemlich viel von der Festung abbrechen lassen. Erst an der Bahnbr\u00fccke an der Reuttier Stra\u00dfe st\u00f6\u00dft man dann wieder auf eins: das Eisenbahnblockhaus der Courtine 2.<\/p>\n<figure id=\"attachment_512\" aria-describedby=\"caption-attachment-512\" style=\"width: 600px\" class=\"wp-caption aligncenter\"><img loading=\"lazy\" decoding=\"async\" class=\"size-large wp-image-512\" src=\"http:\/\/emvee.de\/wordpress\/wp-content\/uploads\/2018\/04\/Neu-Ulm-\u2013-Courtine-2-35-1024x678.jpg\" alt=\"Courtine 2\" width=\"600\" height=\"397\" srcset=\"https:\/\/bildvogt.eu\/wordpress\/wp-content\/uploads\/2018\/04\/Neu-Ulm-\u2013-Courtine-2-35-1024x678.jpg 1024w, https:\/\/bildvogt.eu\/wordpress\/wp-content\/uploads\/2018\/04\/Neu-Ulm-\u2013-Courtine-2-35-300x199.jpg 300w, https:\/\/bildvogt.eu\/wordpress\/wp-content\/uploads\/2018\/04\/Neu-Ulm-\u2013-Courtine-2-35-768x509.jpg 768w, https:\/\/bildvogt.eu\/wordpress\/wp-content\/uploads\/2018\/04\/Neu-Ulm-\u2013-Courtine-2-35-1240x822.jpg 1240w, https:\/\/bildvogt.eu\/wordpress\/wp-content\/uploads\/2018\/04\/Neu-Ulm-\u2013-Courtine-2-35-508x337.jpg 508w\" sizes=\"auto, (max-width: 600px) 100vw, 600px\" \/><figcaption id=\"caption-attachment-512\" class=\"wp-caption-text\">Rest der Courtine 2 samt den Widerlagern der Eisenbahnbr\u00fccke. Leider 2015 abgebrochen.<\/figcaption><\/figure>\n<p>In Richtung Westen wirds aber wieder besser: Die noch in den 1990ern vom Abriss bedrohte Caponniere 4 wurde sorgsam wieder restauriert und 2008 in die Landesgartenschau mit eingebunden.<\/p>\n<figure id=\"attachment_513\" aria-describedby=\"caption-attachment-513\" style=\"width: 600px\" class=\"wp-caption aligncenter\"><img loading=\"lazy\" decoding=\"async\" class=\"size-large wp-image-513\" src=\"http:\/\/emvee.de\/wordpress\/wp-content\/uploads\/2018\/04\/Neu-Ulm-\u2013-Caponniere-4-10-1024x683.jpg\" alt=\"Caponniere 4\" width=\"600\" height=\"400\" srcset=\"https:\/\/bildvogt.eu\/wordpress\/wp-content\/uploads\/2018\/04\/Neu-Ulm-\u2013-Caponniere-4-10-1024x683.jpg 1024w, https:\/\/bildvogt.eu\/wordpress\/wp-content\/uploads\/2018\/04\/Neu-Ulm-\u2013-Caponniere-4-10-300x200.jpg 300w, https:\/\/bildvogt.eu\/wordpress\/wp-content\/uploads\/2018\/04\/Neu-Ulm-\u2013-Caponniere-4-10-768x513.jpg 768w, https:\/\/bildvogt.eu\/wordpress\/wp-content\/uploads\/2018\/04\/Neu-Ulm-\u2013-Caponniere-4-10-1240x828.jpg 1240w, https:\/\/bildvogt.eu\/wordpress\/wp-content\/uploads\/2018\/04\/Neu-Ulm-\u2013-Caponniere-4-10-508x339.jpg 508w\" sizes=\"auto, (max-width: 600px) 100vw, 600px\" \/><figcaption id=\"caption-attachment-513\" class=\"wp-caption-text\">Caponniere 4<\/figcaption><\/figure>\n<p>Weiter nach Westen und \u00fcber die Memminger Stra\u00dfe gehend, gelangt man dann in den Glacis-Stadtpark, ab hier bis zur Donau ist der bayerische Br\u00fcckenkopf nahezu vollst\u00e4ndig erhalten.<\/p>\n<figure id=\"attachment_81\" aria-describedby=\"caption-attachment-81\" style=\"width: 600px\" class=\"wp-caption aligncenter\"><img loading=\"lazy\" decoding=\"async\" class=\"size-large wp-image-81\" src=\"http:\/\/emvee.de\/wordpress\/wp-content\/uploads\/2016\/08\/Neu-Ulm-Courtine-6-1-1024x680.jpg\" alt=\"Courtine 6\" width=\"600\" height=\"398\" srcset=\"https:\/\/bildvogt.eu\/wordpress\/wp-content\/uploads\/2016\/08\/Neu-Ulm-Courtine-6-1-1024x680.jpg 1024w, https:\/\/bildvogt.eu\/wordpress\/wp-content\/uploads\/2016\/08\/Neu-Ulm-Courtine-6-1-300x199.jpg 300w, https:\/\/bildvogt.eu\/wordpress\/wp-content\/uploads\/2016\/08\/Neu-Ulm-Courtine-6-1-768x510.jpg 768w, https:\/\/bildvogt.eu\/wordpress\/wp-content\/uploads\/2016\/08\/Neu-Ulm-Courtine-6-1-1240x824.jpg 1240w, https:\/\/bildvogt.eu\/wordpress\/wp-content\/uploads\/2016\/08\/Neu-Ulm-Courtine-6-1-508x338.jpg 508w\" sizes=\"auto, (max-width: 600px) 100vw, 600px\" \/><figcaption id=\"caption-attachment-81\" class=\"wp-caption-text\">Courtine 6<\/figcaption><\/figure>\n<p>Am Ende des Parks sieht man auf der anderen Seite der Sch\u00fctzenstra\u00dfe dann die Caponniere 8.<\/p>\n<figure id=\"attachment_514\" aria-describedby=\"caption-attachment-514\" style=\"width: 600px\" class=\"wp-caption aligncenter\"><img loading=\"lazy\" decoding=\"async\" class=\"size-large wp-image-514\" src=\"http:\/\/emvee.de\/wordpress\/wp-content\/uploads\/2018\/04\/Neu-Ulm-\u2013-Caponniere-8-5-1024x683.jpg\" alt=\"Caponniere 8\" width=\"600\" height=\"400\" srcset=\"https:\/\/bildvogt.eu\/wordpress\/wp-content\/uploads\/2018\/04\/Neu-Ulm-\u2013-Caponniere-8-5-1024x683.jpg 1024w, https:\/\/bildvogt.eu\/wordpress\/wp-content\/uploads\/2018\/04\/Neu-Ulm-\u2013-Caponniere-8-5-300x200.jpg 300w, https:\/\/bildvogt.eu\/wordpress\/wp-content\/uploads\/2018\/04\/Neu-Ulm-\u2013-Caponniere-8-5-768x512.jpg 768w, https:\/\/bildvogt.eu\/wordpress\/wp-content\/uploads\/2018\/04\/Neu-Ulm-\u2013-Caponniere-8-5-1240x827.jpg 1240w, https:\/\/bildvogt.eu\/wordpress\/wp-content\/uploads\/2018\/04\/Neu-Ulm-\u2013-Caponniere-8-5-508x339.jpg 508w\" sizes=\"auto, (max-width: 600px) 100vw, 600px\" \/><figcaption id=\"caption-attachment-514\" class=\"wp-caption-text\">Caponniere 8<\/figcaption><\/figure>\n<p>Am Besten geht man nun ein wenig in Richtung Osten und biegt vor der Bahnbr\u00fccke links in die Dammstra\u00dfe ab. An deren Ende befindet sich auf der linken Seite mit dem Memminger Tor das einzige erhaltene Neu-Ulmer Stadttor \u2013 das gegen\u00fcberliegende Augsburger Tor wurde Ende der 1950er leider abgerissen.<\/p>\n<figure id=\"attachment_515\" aria-describedby=\"caption-attachment-515\" style=\"width: 600px\" class=\"wp-caption aligncenter\"><img loading=\"lazy\" decoding=\"async\" class=\"size-large wp-image-515\" src=\"http:\/\/emvee.de\/wordpress\/wp-content\/uploads\/2018\/04\/Neu-Ulm-\u2013-Memminger-Tor-1-1024x678.jpg\" alt=\"Memminger Tor\" width=\"600\" height=\"397\" srcset=\"https:\/\/bildvogt.eu\/wordpress\/wp-content\/uploads\/2018\/04\/Neu-Ulm-\u2013-Memminger-Tor-1-1024x678.jpg 1024w, https:\/\/bildvogt.eu\/wordpress\/wp-content\/uploads\/2018\/04\/Neu-Ulm-\u2013-Memminger-Tor-1-300x199.jpg 300w, https:\/\/bildvogt.eu\/wordpress\/wp-content\/uploads\/2018\/04\/Neu-Ulm-\u2013-Memminger-Tor-1-768x509.jpg 768w, https:\/\/bildvogt.eu\/wordpress\/wp-content\/uploads\/2018\/04\/Neu-Ulm-\u2013-Memminger-Tor-1-1240x821.jpg 1240w, https:\/\/bildvogt.eu\/wordpress\/wp-content\/uploads\/2018\/04\/Neu-Ulm-\u2013-Memminger-Tor-1-508x336.jpg 508w\" sizes=\"auto, (max-width: 600px) 100vw, 600px\" \/><figcaption id=\"caption-attachment-515\" class=\"wp-caption-text\">Memminger Tor<\/figcaption><\/figure>\n<p>Nun kommt man, wenn man unter der Bahnbr\u00fccke durchgeht und gleich wieder rechts l\u00e4uft, wieder \u00fcber die Donau nach Ulm, dort geht man wieder unter der Bahn durch und kommt dann zum &#8222;Wei\u00dfen Turm&#8220;, dem Oberen Donauturm und zur Oberen Stadtkehle.<\/p>\n<figure id=\"attachment_516\" aria-describedby=\"caption-attachment-516\" style=\"width: 600px\" class=\"wp-caption aligncenter\"><img loading=\"lazy\" decoding=\"async\" class=\"size-large wp-image-516\" src=\"http:\/\/emvee.de\/wordpress\/wp-content\/uploads\/2018\/04\/Ulm-West-\u2013-Oberer-Donauturm-1-1024x680.jpg\" alt=\"Oberer Donauturm\" width=\"600\" height=\"398\" srcset=\"https:\/\/bildvogt.eu\/wordpress\/wp-content\/uploads\/2018\/04\/Ulm-West-\u2013-Oberer-Donauturm-1-1024x680.jpg 1024w, https:\/\/bildvogt.eu\/wordpress\/wp-content\/uploads\/2018\/04\/Ulm-West-\u2013-Oberer-Donauturm-1-300x199.jpg 300w, https:\/\/bildvogt.eu\/wordpress\/wp-content\/uploads\/2018\/04\/Ulm-West-\u2013-Oberer-Donauturm-1-768x510.jpg 768w, https:\/\/bildvogt.eu\/wordpress\/wp-content\/uploads\/2018\/04\/Ulm-West-\u2013-Oberer-Donauturm-1-1240x824.jpg 1240w, https:\/\/bildvogt.eu\/wordpress\/wp-content\/uploads\/2018\/04\/Ulm-West-\u2013-Oberer-Donauturm-1-508x338.jpg 508w\" sizes=\"auto, (max-width: 600px) 100vw, 600px\" \/><figcaption id=\"caption-attachment-516\" class=\"wp-caption-text\">Oberer Donauturm<\/figcaption><\/figure>\n<p>Hat man diesen Rundgang geschafft, ist man gut 12 Kilometer gelaufen! Wer jetzt noch Lust hat, kann noch die Forts erkunden. Nachfolgend die Forts nach Werksnummern sortiert mit den Adressen f\u00fcr die Navigation:<\/p>\n<figure id=\"attachment_517\" aria-describedby=\"caption-attachment-517\" style=\"width: 600px\" class=\"wp-caption aligncenter\"><img loading=\"lazy\" decoding=\"async\" class=\"size-large wp-image-517\" src=\"http:\/\/emvee.de\/wordpress\/wp-content\/uploads\/2018\/04\/Ulm-West-\u2013-Fort-Unterer-Kuhberg-9-1024x678.jpg\" alt=\"Fort Unterer Kuhberg\" width=\"600\" height=\"397\" srcset=\"https:\/\/bildvogt.eu\/wordpress\/wp-content\/uploads\/2018\/04\/Ulm-West-\u2013-Fort-Unterer-Kuhberg-9-1024x678.jpg 1024w, https:\/\/bildvogt.eu\/wordpress\/wp-content\/uploads\/2018\/04\/Ulm-West-\u2013-Fort-Unterer-Kuhberg-9-300x199.jpg 300w, https:\/\/bildvogt.eu\/wordpress\/wp-content\/uploads\/2018\/04\/Ulm-West-\u2013-Fort-Unterer-Kuhberg-9-768x509.jpg 768w, https:\/\/bildvogt.eu\/wordpress\/wp-content\/uploads\/2018\/04\/Ulm-West-\u2013-Fort-Unterer-Kuhberg-9-1240x822.jpg 1240w, https:\/\/bildvogt.eu\/wordpress\/wp-content\/uploads\/2018\/04\/Ulm-West-\u2013-Fort-Unterer-Kuhberg-9-508x337.jpg 508w\" sizes=\"auto, (max-width: 600px) 100vw, 600px\" \/><figcaption id=\"caption-attachment-517\" class=\"wp-caption-text\">Werk XXIX, Fort Unterer Kuhberg mit Hornwerk XXX \u2013\u00a0Fort Unterer Kuhberg 10, 89077 Ulm<\/figcaption><\/figure>\n<figure id=\"attachment_82\" aria-describedby=\"caption-attachment-82\" style=\"width: 600px\" class=\"wp-caption aligncenter\"><img loading=\"lazy\" decoding=\"async\" class=\"size-large wp-image-82\" src=\"http:\/\/emvee.de\/wordpress\/wp-content\/uploads\/2016\/08\/So\u0308flingen-Fort-Oberer-Kuhberg-5-1024x678.jpg\" alt=\"Fort Oberer Kuhberg\" width=\"600\" height=\"397\" srcset=\"https:\/\/bildvogt.eu\/wordpress\/wp-content\/uploads\/2016\/08\/So\u0308flingen-Fort-Oberer-Kuhberg-5-1024x678.jpg 1024w, https:\/\/bildvogt.eu\/wordpress\/wp-content\/uploads\/2016\/08\/So\u0308flingen-Fort-Oberer-Kuhberg-5-300x199.jpg 300w, https:\/\/bildvogt.eu\/wordpress\/wp-content\/uploads\/2016\/08\/So\u0308flingen-Fort-Oberer-Kuhberg-5-768x509.jpg 768w, https:\/\/bildvogt.eu\/wordpress\/wp-content\/uploads\/2016\/08\/So\u0308flingen-Fort-Oberer-Kuhberg-5-1240x821.jpg 1240w, https:\/\/bildvogt.eu\/wordpress\/wp-content\/uploads\/2016\/08\/So\u0308flingen-Fort-Oberer-Kuhberg-5-508x336.jpg 508w\" sizes=\"auto, (max-width: 600px) 100vw, 600px\" \/><figcaption id=\"caption-attachment-82\" class=\"wp-caption-text\">Werk XXXII Fort Oberer Kuhberg \u2013\u00a0Am Hochstr\u00e4\u00df 1, 89081 Ulm. Das Werk XXXI Fort Mittlerer Kuhberg am Grimmelfinger Weg existiert leider nicht mehr<\/figcaption><\/figure>\n<figure id=\"attachment_518\" aria-describedby=\"caption-attachment-518\" style=\"width: 600px\" class=\"wp-caption aligncenter\"><img loading=\"lazy\" decoding=\"async\" class=\"size-large wp-image-518\" src=\"http:\/\/emvee.de\/wordpress\/wp-content\/uploads\/2018\/04\/Eselsberg-\u2013-Fort-So\u0308flinger-Turm-4-1024x678.jpg\" alt=\"Fort S\u00f6flinger Turm\" width=\"600\" height=\"397\" srcset=\"https:\/\/bildvogt.eu\/wordpress\/wp-content\/uploads\/2018\/04\/Eselsberg-\u2013-Fort-So\u0308flinger-Turm-4-1024x678.jpg 1024w, https:\/\/bildvogt.eu\/wordpress\/wp-content\/uploads\/2018\/04\/Eselsberg-\u2013-Fort-So\u0308flinger-Turm-4-300x199.jpg 300w, https:\/\/bildvogt.eu\/wordpress\/wp-content\/uploads\/2018\/04\/Eselsberg-\u2013-Fort-So\u0308flinger-Turm-4-768x509.jpg 768w, https:\/\/bildvogt.eu\/wordpress\/wp-content\/uploads\/2018\/04\/Eselsberg-\u2013-Fort-So\u0308flinger-Turm-4-1240x821.jpg 1240w, https:\/\/bildvogt.eu\/wordpress\/wp-content\/uploads\/2018\/04\/Eselsberg-\u2013-Fort-So\u0308flinger-Turm-4-508x336.jpg 508w\" sizes=\"auto, (max-width: 600px) 100vw, 600px\" \/><figcaption id=\"caption-attachment-518\" class=\"wp-caption-text\">Werk XXXIII Fort S\u00f6flinger Turm \u2013\u00a0Beim T\u00fcrmle, 89075 Ulm<\/figcaption><\/figure>\n<figure id=\"attachment_520\" aria-describedby=\"caption-attachment-520\" style=\"width: 600px\" class=\"wp-caption aligncenter\"><img loading=\"lazy\" decoding=\"async\" class=\"size-large wp-image-520\" src=\"http:\/\/emvee.de\/wordpress\/wp-content\/uploads\/2018\/04\/Eselsberg-\u2013-Fort-Unterer-Eselsberg-5-1-1024x680.jpg\" alt=\"Fort Unterer Eselsberg\" width=\"600\" height=\"398\" srcset=\"https:\/\/bildvogt.eu\/wordpress\/wp-content\/uploads\/2018\/04\/Eselsberg-\u2013-Fort-Unterer-Eselsberg-5-1-1024x680.jpg 1024w, https:\/\/bildvogt.eu\/wordpress\/wp-content\/uploads\/2018\/04\/Eselsberg-\u2013-Fort-Unterer-Eselsberg-5-1-300x199.jpg 300w, https:\/\/bildvogt.eu\/wordpress\/wp-content\/uploads\/2018\/04\/Eselsberg-\u2013-Fort-Unterer-Eselsberg-5-1-768x510.jpg 768w, https:\/\/bildvogt.eu\/wordpress\/wp-content\/uploads\/2018\/04\/Eselsberg-\u2013-Fort-Unterer-Eselsberg-5-1-1240x824.jpg 1240w, https:\/\/bildvogt.eu\/wordpress\/wp-content\/uploads\/2018\/04\/Eselsberg-\u2013-Fort-Unterer-Eselsberg-5-1-508x338.jpg 508w\" sizes=\"auto, (max-width: 600px) 100vw, 600px\" \/><figcaption id=\"caption-attachment-520\" class=\"wp-caption-text\">Werk XXXIV Fort Unterer Eselsberg \u2013\u00a0M\u00e4hringer Weg 75, 89075 Ulm<\/figcaption><\/figure>\n<figure id=\"attachment_80\" aria-describedby=\"caption-attachment-80\" style=\"width: 600px\" class=\"wp-caption aligncenter\"><img loading=\"lazy\" decoding=\"async\" class=\"size-large wp-image-80\" src=\"http:\/\/emvee.de\/wordpress\/wp-content\/uploads\/2016\/08\/Eselsberg-Fort-Oberer-Eselsberg-Nebenwerk-4-1024x680.jpg\" alt=\"Fort Oberer Eselsberg Nebenwerk\" width=\"600\" height=\"398\" srcset=\"https:\/\/bildvogt.eu\/wordpress\/wp-content\/uploads\/2016\/08\/Eselsberg-Fort-Oberer-Eselsberg-Nebenwerk-4-1024x680.jpg 1024w, https:\/\/bildvogt.eu\/wordpress\/wp-content\/uploads\/2016\/08\/Eselsberg-Fort-Oberer-Eselsberg-Nebenwerk-4-300x199.jpg 300w, https:\/\/bildvogt.eu\/wordpress\/wp-content\/uploads\/2016\/08\/Eselsberg-Fort-Oberer-Eselsberg-Nebenwerk-4-768x510.jpg 768w, https:\/\/bildvogt.eu\/wordpress\/wp-content\/uploads\/2016\/08\/Eselsberg-Fort-Oberer-Eselsberg-Nebenwerk-4-1240x824.jpg 1240w, https:\/\/bildvogt.eu\/wordpress\/wp-content\/uploads\/2016\/08\/Eselsberg-Fort-Oberer-Eselsberg-Nebenwerk-4-508x338.jpg 508w\" sizes=\"auto, (max-width: 600px) 100vw, 600px\" \/><figcaption id=\"caption-attachment-80\" class=\"wp-caption-text\">Werk XXXV Fort Oberer Eselsberg Nebenwerk \u2013\u00a0Oberberghofweg, 89081 Ulm<\/figcaption><\/figure>\n<figure id=\"attachment_521\" aria-describedby=\"caption-attachment-521\" style=\"width: 600px\" class=\"wp-caption aligncenter\"><img loading=\"lazy\" decoding=\"async\" class=\"size-large wp-image-521\" src=\"http:\/\/emvee.de\/wordpress\/wp-content\/uploads\/2018\/04\/Eselsberg-\u2013-Fort-Oberer-Eselsberg-Hauptwerk-1-1024x680.jpg\" alt=\"Fort Oberer Eselsberg Hauptwerk\" width=\"600\" height=\"398\" srcset=\"https:\/\/bildvogt.eu\/wordpress\/wp-content\/uploads\/2018\/04\/Eselsberg-\u2013-Fort-Oberer-Eselsberg-Hauptwerk-1-1024x680.jpg 1024w, https:\/\/bildvogt.eu\/wordpress\/wp-content\/uploads\/2018\/04\/Eselsberg-\u2013-Fort-Oberer-Eselsberg-Hauptwerk-1-300x199.jpg 300w, https:\/\/bildvogt.eu\/wordpress\/wp-content\/uploads\/2018\/04\/Eselsberg-\u2013-Fort-Oberer-Eselsberg-Hauptwerk-1-768x510.jpg 768w, https:\/\/bildvogt.eu\/wordpress\/wp-content\/uploads\/2018\/04\/Eselsberg-\u2013-Fort-Oberer-Eselsberg-Hauptwerk-1-1240x824.jpg 1240w, https:\/\/bildvogt.eu\/wordpress\/wp-content\/uploads\/2018\/04\/Eselsberg-\u2013-Fort-Oberer-Eselsberg-Hauptwerk-1-508x338.jpg 508w\" sizes=\"auto, (max-width: 600px) 100vw, 600px\" \/><figcaption id=\"caption-attachment-521\" class=\"wp-caption-text\">Werk XXXVI Fort Oberer Eselsberg Hauptwerk \u2013\u00a0Staudingerstra\u00dfe, 89081 Ulm<\/figcaption><\/figure>\n<figure id=\"attachment_522\" aria-describedby=\"caption-attachment-522\" style=\"width: 600px\" class=\"wp-caption aligncenter\"><img loading=\"lazy\" decoding=\"async\" class=\"size-large wp-image-522\" src=\"http:\/\/emvee.de\/wordpress\/wp-content\/uploads\/2018\/04\/Ulm-\u2013-Fort-Prittwitz-16-1024x678.jpg\" alt=\"Fort Prittwitz\" width=\"600\" height=\"397\" srcset=\"https:\/\/bildvogt.eu\/wordpress\/wp-content\/uploads\/2018\/04\/Ulm-\u2013-Fort-Prittwitz-16-1024x678.jpg 1024w, https:\/\/bildvogt.eu\/wordpress\/wp-content\/uploads\/2018\/04\/Ulm-\u2013-Fort-Prittwitz-16-300x199.jpg 300w, https:\/\/bildvogt.eu\/wordpress\/wp-content\/uploads\/2018\/04\/Ulm-\u2013-Fort-Prittwitz-16-768x509.jpg 768w, https:\/\/bildvogt.eu\/wordpress\/wp-content\/uploads\/2018\/04\/Ulm-\u2013-Fort-Prittwitz-16-1240x821.jpg 1240w, https:\/\/bildvogt.eu\/wordpress\/wp-content\/uploads\/2018\/04\/Ulm-\u2013-Fort-Prittwitz-16-508x336.jpg 508w\" sizes=\"auto, (max-width: 600px) 100vw, 600px\" \/><figcaption id=\"caption-attachment-522\" class=\"wp-caption-text\">Werk XXXVII Fort Prittwitz \u2013\u00a0Stuttgarter Stra\u00dfe 199, 89075 Ulm. Zugang allerdings nicht m\u00f6glich, da milit\u00e4risches Sperrgebiet<\/figcaption><\/figure>\n<figure id=\"attachment_523\" aria-describedby=\"caption-attachment-523\" style=\"width: 499px\" class=\"wp-caption aligncenter\"><img loading=\"lazy\" decoding=\"async\" class=\"size-full wp-image-523\" src=\"http:\/\/emvee.de\/wordpress\/wp-content\/uploads\/2018\/04\/ul38_1.jpg\" alt=\"\u00d6rlinger Turm\" width=\"499\" height=\"752\" srcset=\"https:\/\/bildvogt.eu\/wordpress\/wp-content\/uploads\/2018\/04\/ul38_1.jpg 499w, https:\/\/bildvogt.eu\/wordpress\/wp-content\/uploads\/2018\/04\/ul38_1-199x300.jpg 199w\" sizes=\"auto, (max-width: 499px) 100vw, 499px\" \/><figcaption id=\"caption-attachment-523\" class=\"wp-caption-text\">Werk XXXVIII \u00d6rlinger Turm \u2013\u00a0\u00d6rlinger-Tal-Weg 84, 89075 Ulm<\/figcaption><\/figure>\n<figure id=\"attachment_524\" aria-describedby=\"caption-attachment-524\" style=\"width: 600px\" class=\"wp-caption aligncenter\"><img loading=\"lazy\" decoding=\"async\" class=\"size-large wp-image-524\" src=\"http:\/\/emvee.de\/wordpress\/wp-content\/uploads\/2018\/04\/IMG3044-1024x709.jpg\" alt=\"Fort Albeck\" width=\"600\" height=\"415\" srcset=\"https:\/\/bildvogt.eu\/wordpress\/wp-content\/uploads\/2018\/04\/IMG3044-1024x709.jpg 1024w, https:\/\/bildvogt.eu\/wordpress\/wp-content\/uploads\/2018\/04\/IMG3044-300x208.jpg 300w, https:\/\/bildvogt.eu\/wordpress\/wp-content\/uploads\/2018\/04\/IMG3044-768x532.jpg 768w, https:\/\/bildvogt.eu\/wordpress\/wp-content\/uploads\/2018\/04\/IMG3044-1240x858.jpg 1240w, https:\/\/bildvogt.eu\/wordpress\/wp-content\/uploads\/2018\/04\/IMG3044-508x352.jpg 508w\" sizes=\"auto, (max-width: 600px) 100vw, 600px\" \/><figcaption id=\"caption-attachment-524\" class=\"wp-caption-text\">Werk XXXIX Fort Albeck \u2013\u00a0Fort Albeck, 89075 Ulm<\/figcaption><\/figure>\n<figure id=\"attachment_525\" aria-describedby=\"caption-attachment-525\" style=\"width: 600px\" class=\"wp-caption aligncenter\"><img loading=\"lazy\" decoding=\"async\" class=\"size-large wp-image-525\" src=\"http:\/\/emvee.de\/wordpress\/wp-content\/uploads\/2018\/04\/Ulm-Ost-\u2013-Fort-Safranberg-2-1024x533.jpg\" alt=\"Fort Safranberg\" width=\"600\" height=\"312\" srcset=\"https:\/\/bildvogt.eu\/wordpress\/wp-content\/uploads\/2018\/04\/Ulm-Ost-\u2013-Fort-Safranberg-2-1024x533.jpg 1024w, https:\/\/bildvogt.eu\/wordpress\/wp-content\/uploads\/2018\/04\/Ulm-Ost-\u2013-Fort-Safranberg-2-300x156.jpg 300w, https:\/\/bildvogt.eu\/wordpress\/wp-content\/uploads\/2018\/04\/Ulm-Ost-\u2013-Fort-Safranberg-2-768x400.jpg 768w, https:\/\/bildvogt.eu\/wordpress\/wp-content\/uploads\/2018\/04\/Ulm-Ost-\u2013-Fort-Safranberg-2-1240x646.jpg 1240w, https:\/\/bildvogt.eu\/wordpress\/wp-content\/uploads\/2018\/04\/Ulm-Ost-\u2013-Fort-Safranberg-2-508x265.jpg 508w\" sizes=\"auto, (max-width: 600px) 100vw, 600px\" \/><figcaption id=\"caption-attachment-525\" class=\"wp-caption-text\">Werk XL Fort Safranberg \u2013\u00a0Beginenweg, 89075 Ulm<\/figcaption><\/figure>\n<figure id=\"attachment_114\" aria-describedby=\"caption-attachment-114\" style=\"width: 600px\" class=\"wp-caption aligncenter\"><img loading=\"lazy\" decoding=\"async\" class=\"size-large wp-image-114\" src=\"http:\/\/emvee.de\/wordpress\/wp-content\/uploads\/2016\/09\/Ulm-Ost-\u2013-Fort-Friedrichsau-3-1024x678.jpg\" alt=\"Fort Friedrichsau\" width=\"600\" height=\"397\" srcset=\"https:\/\/bildvogt.eu\/wordpress\/wp-content\/uploads\/2016\/09\/Ulm-Ost-\u2013-Fort-Friedrichsau-3-1024x678.jpg 1024w, https:\/\/bildvogt.eu\/wordpress\/wp-content\/uploads\/2016\/09\/Ulm-Ost-\u2013-Fort-Friedrichsau-3-300x199.jpg 300w, https:\/\/bildvogt.eu\/wordpress\/wp-content\/uploads\/2016\/09\/Ulm-Ost-\u2013-Fort-Friedrichsau-3-768x509.jpg 768w, https:\/\/bildvogt.eu\/wordpress\/wp-content\/uploads\/2016\/09\/Ulm-Ost-\u2013-Fort-Friedrichsau-3-1240x821.jpg 1240w, https:\/\/bildvogt.eu\/wordpress\/wp-content\/uploads\/2016\/09\/Ulm-Ost-\u2013-Fort-Friedrichsau-3-508x336.jpg 508w\" sizes=\"auto, (max-width: 600px) 100vw, 600px\" \/><figcaption id=\"caption-attachment-114\" class=\"wp-caption-text\">Werk XLI Fort Friedrichsau \u2013\u00a0Friedrichsau, 89073 Ulm<\/figcaption><\/figure>\n<figure id=\"attachment_526\" aria-describedby=\"caption-attachment-526\" style=\"width: 600px\" class=\"wp-caption aligncenter\"><img loading=\"lazy\" decoding=\"async\" class=\"size-large wp-image-526\" src=\"http:\/\/emvee.de\/wordpress\/wp-content\/uploads\/2018\/04\/Neu-Ulm-\u2013-Vorwerk-Schwaighofen-1-1024x680.jpg\" alt=\"Vorwerk Schwaighofen\" width=\"600\" height=\"398\" srcset=\"https:\/\/bildvogt.eu\/wordpress\/wp-content\/uploads\/2018\/04\/Neu-Ulm-\u2013-Vorwerk-Schwaighofen-1-1024x680.jpg 1024w, https:\/\/bildvogt.eu\/wordpress\/wp-content\/uploads\/2018\/04\/Neu-Ulm-\u2013-Vorwerk-Schwaighofen-1-300x199.jpg 300w, https:\/\/bildvogt.eu\/wordpress\/wp-content\/uploads\/2018\/04\/Neu-Ulm-\u2013-Vorwerk-Schwaighofen-1-768x510.jpg 768w, https:\/\/bildvogt.eu\/wordpress\/wp-content\/uploads\/2018\/04\/Neu-Ulm-\u2013-Vorwerk-Schwaighofen-1-1240x824.jpg 1240w, https:\/\/bildvogt.eu\/wordpress\/wp-content\/uploads\/2018\/04\/Neu-Ulm-\u2013-Vorwerk-Schwaighofen-1-508x338.jpg 508w\" sizes=\"auto, (max-width: 600px) 100vw, 600px\" \/><figcaption id=\"caption-attachment-526\" class=\"wp-caption-text\">Werk 12: Vorwerk Schwaighofen \u2013\u00a0Reuttier Stra\u00dfe 58, 89231 Neu-Ulm<\/figcaption><\/figure>\n<figure id=\"attachment_527\" aria-describedby=\"caption-attachment-527\" style=\"width: 600px\" class=\"wp-caption aligncenter\"><img loading=\"lazy\" decoding=\"async\" class=\"size-large wp-image-527\" src=\"http:\/\/emvee.de\/wordpress\/wp-content\/uploads\/2018\/04\/Ludwigsfeld-\u2013-Ludwigsvorfeste-1-1024x424.jpg\" alt=\"Ludwigsvorfeste\" width=\"600\" height=\"248\" srcset=\"https:\/\/bildvogt.eu\/wordpress\/wp-content\/uploads\/2018\/04\/Ludwigsfeld-\u2013-Ludwigsvorfeste-1-1024x424.jpg 1024w, https:\/\/bildvogt.eu\/wordpress\/wp-content\/uploads\/2018\/04\/Ludwigsfeld-\u2013-Ludwigsvorfeste-1-300x124.jpg 300w, https:\/\/bildvogt.eu\/wordpress\/wp-content\/uploads\/2018\/04\/Ludwigsfeld-\u2013-Ludwigsvorfeste-1-768x318.jpg 768w, https:\/\/bildvogt.eu\/wordpress\/wp-content\/uploads\/2018\/04\/Ludwigsfeld-\u2013-Ludwigsvorfeste-1-1240x513.jpg 1240w, https:\/\/bildvogt.eu\/wordpress\/wp-content\/uploads\/2018\/04\/Ludwigsfeld-\u2013-Ludwigsvorfeste-1-508x210.jpg 508w\" sizes=\"auto, (max-width: 600px) 100vw, 600px\" \/><figcaption id=\"caption-attachment-527\" class=\"wp-caption-text\">Werk 13 Ludwigsvorfeste \u2013\u00a0Wileystra\u00dfe 21, 89231 Neu-Ulm<\/figcaption><\/figure>\n<figure id=\"attachment_528\" aria-describedby=\"caption-attachment-528\" style=\"width: 600px\" class=\"wp-caption aligncenter\"><img loading=\"lazy\" decoding=\"async\" class=\"size-large wp-image-528\" src=\"http:\/\/emvee.de\/wordpress\/wp-content\/uploads\/2018\/04\/Neu-Ulm-\u2013-Vorwerk-Illerkanal-3-1024x680.jpg\" alt=\"Vorwerk Illerkanal\" width=\"600\" height=\"398\" srcset=\"https:\/\/bildvogt.eu\/wordpress\/wp-content\/uploads\/2018\/04\/Neu-Ulm-\u2013-Vorwerk-Illerkanal-3-1024x680.jpg 1024w, https:\/\/bildvogt.eu\/wordpress\/wp-content\/uploads\/2018\/04\/Neu-Ulm-\u2013-Vorwerk-Illerkanal-3-300x199.jpg 300w, https:\/\/bildvogt.eu\/wordpress\/wp-content\/uploads\/2018\/04\/Neu-Ulm-\u2013-Vorwerk-Illerkanal-3-768x510.jpg 768w, https:\/\/bildvogt.eu\/wordpress\/wp-content\/uploads\/2018\/04\/Neu-Ulm-\u2013-Vorwerk-Illerkanal-3-1240x824.jpg 1240w, https:\/\/bildvogt.eu\/wordpress\/wp-content\/uploads\/2018\/04\/Neu-Ulm-\u2013-Vorwerk-Illerkanal-3-508x338.jpg 508w\" sizes=\"auto, (max-width: 600px) 100vw, 600px\" \/><figcaption id=\"caption-attachment-528\" class=\"wp-caption-text\">Werk 14 Vorwerk Illerkanal \u2013\u00a0An der Jakobsruhe, 89231 Neu-Ulm<\/figcaption><\/figure>\n<p>Nachfolgend noch ein paar weitere interessante Punkte, die im Zusammenhang mit der Bundesfestung bzw. Reichsfestung stehen:<\/p>\n<figure id=\"attachment_529\" aria-describedby=\"caption-attachment-529\" style=\"width: 600px\" class=\"wp-caption aligncenter\"><img loading=\"lazy\" decoding=\"async\" class=\"size-large wp-image-529\" src=\"http:\/\/emvee.de\/wordpress\/wp-content\/uploads\/2018\/04\/Ludwigsfeld-\u2013-Stu\u0308tzpunkt-58-12-1024x678.jpg\" alt=\"St\u00fctzpunkt 58\" width=\"600\" height=\"397\" srcset=\"https:\/\/bildvogt.eu\/wordpress\/wp-content\/uploads\/2018\/04\/Ludwigsfeld-\u2013-Stu\u0308tzpunkt-58-12-1024x678.jpg 1024w, https:\/\/bildvogt.eu\/wordpress\/wp-content\/uploads\/2018\/04\/Ludwigsfeld-\u2013-Stu\u0308tzpunkt-58-12-300x199.jpg 300w, https:\/\/bildvogt.eu\/wordpress\/wp-content\/uploads\/2018\/04\/Ludwigsfeld-\u2013-Stu\u0308tzpunkt-58-12-768x509.jpg 768w, https:\/\/bildvogt.eu\/wordpress\/wp-content\/uploads\/2018\/04\/Ludwigsfeld-\u2013-Stu\u0308tzpunkt-58-12-1240x821.jpg 1240w, https:\/\/bildvogt.eu\/wordpress\/wp-content\/uploads\/2018\/04\/Ludwigsfeld-\u2013-Stu\u0308tzpunkt-58-12-508x336.jpg 508w\" sizes=\"auto, (max-width: 600px) 100vw, 600px\" \/><figcaption id=\"caption-attachment-529\" class=\"wp-caption-text\">St\u00fctzpunkt 58 (1914), Ludwigsfeld<\/figcaption><\/figure>\n<figure id=\"attachment_530\" aria-describedby=\"caption-attachment-530\" style=\"width: 600px\" class=\"wp-caption aligncenter\"><img loading=\"lazy\" decoding=\"async\" class=\"size-large wp-image-530\" src=\"http:\/\/emvee.de\/wordpress\/wp-content\/uploads\/2018\/04\/Neu-Ulm-\u2013-St.-Johann-Baptist-1-1024x807.jpg\" alt=\"St. Johann Baptist Neu-Ulm\" width=\"600\" height=\"473\" srcset=\"https:\/\/bildvogt.eu\/wordpress\/wp-content\/uploads\/2018\/04\/Neu-Ulm-\u2013-St.-Johann-Baptist-1-1024x807.jpg 1024w, https:\/\/bildvogt.eu\/wordpress\/wp-content\/uploads\/2018\/04\/Neu-Ulm-\u2013-St.-Johann-Baptist-1-300x236.jpg 300w, https:\/\/bildvogt.eu\/wordpress\/wp-content\/uploads\/2018\/04\/Neu-Ulm-\u2013-St.-Johann-Baptist-1-768x605.jpg 768w, https:\/\/bildvogt.eu\/wordpress\/wp-content\/uploads\/2018\/04\/Neu-Ulm-\u2013-St.-Johann-Baptist-1-1240x977.jpg 1240w, https:\/\/bildvogt.eu\/wordpress\/wp-content\/uploads\/2018\/04\/Neu-Ulm-\u2013-St.-Johann-Baptist-1-508x400.jpg 508w\" sizes=\"auto, (max-width: 600px) 100vw, 600px\" \/><figcaption id=\"caption-attachment-530\" class=\"wp-caption-text\">Kirche St. Johann Baptist, Neu-Ulm. Erbaut um 1860 als katholische Garnisonskirche, in den 1920ern umgestaltet, dabei wurde auch Abbruchmaterial aus der Festung verwendet<\/figcaption><\/figure>\n<figure id=\"attachment_531\" aria-describedby=\"caption-attachment-531\" style=\"width: 600px\" class=\"wp-caption aligncenter\"><img loading=\"lazy\" decoding=\"async\" class=\"size-large wp-image-531\" src=\"http:\/\/emvee.de\/wordpress\/wp-content\/uploads\/2018\/04\/Ulm-\u2013-Milita\u0308rarresthaus-1024x680.jpg\" alt=\"Milit\u00e4rarresthaus\" width=\"600\" height=\"398\" srcset=\"https:\/\/bildvogt.eu\/wordpress\/wp-content\/uploads\/2018\/04\/Ulm-\u2013-Milita\u0308rarresthaus-1024x680.jpg 1024w, https:\/\/bildvogt.eu\/wordpress\/wp-content\/uploads\/2018\/04\/Ulm-\u2013-Milita\u0308rarresthaus-300x199.jpg 300w, https:\/\/bildvogt.eu\/wordpress\/wp-content\/uploads\/2018\/04\/Ulm-\u2013-Milita\u0308rarresthaus-768x510.jpg 768w, https:\/\/bildvogt.eu\/wordpress\/wp-content\/uploads\/2018\/04\/Ulm-\u2013-Milita\u0308rarresthaus-1240x824.jpg 1240w, https:\/\/bildvogt.eu\/wordpress\/wp-content\/uploads\/2018\/04\/Ulm-\u2013-Milita\u0308rarresthaus-508x338.jpg 508w, https:\/\/bildvogt.eu\/wordpress\/wp-content\/uploads\/2018\/04\/Ulm-\u2013-Milita\u0308rarresthaus.jpg 1600w\" sizes=\"auto, (max-width: 600px) 100vw, 600px\" \/><figcaption id=\"caption-attachment-531\" class=\"wp-caption-text\">Das Milit\u00e4rarresthaus an der Frauenstra\u00dfe 138<\/figcaption><\/figure>\n<figure id=\"attachment_532\" aria-describedby=\"caption-attachment-532\" style=\"width: 600px\" class=\"wp-caption aligncenter\"><img loading=\"lazy\" decoding=\"async\" class=\"size-large wp-image-532\" src=\"http:\/\/emvee.de\/wordpress\/wp-content\/uploads\/2018\/04\/Ulm-\u2013-Reichenauer-Hof-1-1024x678.jpg\" alt=\"Reichenauer Hof\" width=\"600\" height=\"397\" srcset=\"https:\/\/bildvogt.eu\/wordpress\/wp-content\/uploads\/2018\/04\/Ulm-\u2013-Reichenauer-Hof-1-1024x678.jpg 1024w, https:\/\/bildvogt.eu\/wordpress\/wp-content\/uploads\/2018\/04\/Ulm-\u2013-Reichenauer-Hof-1-300x199.jpg 300w, https:\/\/bildvogt.eu\/wordpress\/wp-content\/uploads\/2018\/04\/Ulm-\u2013-Reichenauer-Hof-1-768x509.jpg 768w, https:\/\/bildvogt.eu\/wordpress\/wp-content\/uploads\/2018\/04\/Ulm-\u2013-Reichenauer-Hof-1-1240x821.jpg 1240w, https:\/\/bildvogt.eu\/wordpress\/wp-content\/uploads\/2018\/04\/Ulm-\u2013-Reichenauer-Hof-1-508x336.jpg 508w\" sizes=\"auto, (max-width: 600px) 100vw, 600px\" \/><figcaption id=\"caption-attachment-532\" class=\"wp-caption-text\">Der mittelalterliche Reichenauer Hof, Sitz der Festungsbaudirektion<\/figcaption><\/figure>\n<figure id=\"attachment_533\" aria-describedby=\"caption-attachment-533\" style=\"width: 600px\" class=\"wp-caption aligncenter\"><img loading=\"lazy\" decoding=\"async\" class=\"size-large wp-image-533\" src=\"http:\/\/emvee.de\/wordpress\/wp-content\/uploads\/2018\/04\/Ulm-West-\u2013-Zinglerstra\u00dfe-70-6-1024x678.jpg\" alt=\"Offizierskasino\" width=\"600\" height=\"397\" srcset=\"https:\/\/bildvogt.eu\/wordpress\/wp-content\/uploads\/2018\/04\/Ulm-West-\u2013-Zinglerstra\u00dfe-70-6-1024x678.jpg 1024w, https:\/\/bildvogt.eu\/wordpress\/wp-content\/uploads\/2018\/04\/Ulm-West-\u2013-Zinglerstra\u00dfe-70-6-300x199.jpg 300w, https:\/\/bildvogt.eu\/wordpress\/wp-content\/uploads\/2018\/04\/Ulm-West-\u2013-Zinglerstra\u00dfe-70-6-768x509.jpg 768w, https:\/\/bildvogt.eu\/wordpress\/wp-content\/uploads\/2018\/04\/Ulm-West-\u2013-Zinglerstra\u00dfe-70-6-1240x821.jpg 1240w, https:\/\/bildvogt.eu\/wordpress\/wp-content\/uploads\/2018\/04\/Ulm-West-\u2013-Zinglerstra\u00dfe-70-6-508x336.jpg 508w\" sizes=\"auto, (max-width: 600px) 100vw, 600px\" \/><figcaption id=\"caption-attachment-533\" class=\"wp-caption-text\">ehem. Offizierskasino an der Zinglerstra\u00dfe 70<\/figcaption><\/figure>\n<p>Weitere Infos zur Bundesfestung:<\/p>\n<p><a href=\"http:\/\/www.bundesfestung.de\" target=\"_blank\" rel=\"noopener\">www.bundesfestung.de<\/a><\/p>\n<p><a href=\"http:\/\/www.atarimuseum.de\/festung\/\" target=\"_blank\" rel=\"noopener\">www.atarimuseum.de\/festung\/<\/a><\/p>\n<p>&nbsp;<\/p>\n","protected":false},"excerpt":{"rendered":"<p>Wer mit aufmerksamen Augen durch Ulm geht, dem f\u00e4llt auf, dass \u00fcberall in der Stadt seltsame Kalksteinbauten verstreut sind. Einige davon, wie beispielsweise das Ehinger Tor, die sogenannte &#8222;Pionierkaserne&#8220; oder die Kienlesbergbastion beim Alten Fritz kennt wohl so gut wie jeder, andere Bauwerke sind dagegen nur wenig bekannt. Doch alle haben eine Gemeinsamkeit: Sie geh\u00f6ren&#8230;<\/p>\n<p class=\"more-link-wrap\"><a href=\"https:\/\/bildvogt.eu\/wordpress\/2018\/04\/15\/in-ulm-um-ulm-um-ulm-herum-folge-2-die-bundesfestung\/\" class=\"more-link\">Weiterlesen<span class=\"screen-reader-text\"> &ldquo;In Ulm, um Ulm, um Ulm herum \u2013\u00a0Folge 2: Die Bundesfestung&rdquo;<\/span> &raquo;<\/a><\/p>\n","protected":false},"author":1,"featured_media":535,"comment_status":"open","ping_status":"open","sticky":false,"template":"","format":"standard","meta":{"footnotes":""},"categories":[1],"tags":[],"class_list":["post-499","post","type-post","status-publish","format-standard","has-post-thumbnail","hentry","category-allgemein"],"_links":{"self":[{"href":"https:\/\/bildvogt.eu\/wordpress\/wp-json\/wp\/v2\/posts\/499","targetHints":{"allow":["GET"]}}],"collection":[{"href":"https:\/\/bildvogt.eu\/wordpress\/wp-json\/wp\/v2\/posts"}],"about":[{"href":"https:\/\/bildvogt.eu\/wordpress\/wp-json\/wp\/v2\/types\/post"}],"author":[{"embeddable":true,"href":"https:\/\/bildvogt.eu\/wordpress\/wp-json\/wp\/v2\/users\/1"}],"replies":[{"embeddable":true,"href":"https:\/\/bildvogt.eu\/wordpress\/wp-json\/wp\/v2\/comments?post=499"}],"version-history":[{"count":4,"href":"https:\/\/bildvogt.eu\/wordpress\/wp-json\/wp\/v2\/posts\/499\/revisions"}],"predecessor-version":[{"id":538,"href":"https:\/\/bildvogt.eu\/wordpress\/wp-json\/wp\/v2\/posts\/499\/revisions\/538"}],"wp:featuredmedia":[{"embeddable":true,"href":"https:\/\/bildvogt.eu\/wordpress\/wp-json\/wp\/v2\/media\/535"}],"wp:attachment":[{"href":"https:\/\/bildvogt.eu\/wordpress\/wp-json\/wp\/v2\/media?parent=499"}],"wp:term":[{"taxonomy":"category","embeddable":true,"href":"https:\/\/bildvogt.eu\/wordpress\/wp-json\/wp\/v2\/categories?post=499"},{"taxonomy":"post_tag","embeddable":true,"href":"https:\/\/bildvogt.eu\/wordpress\/wp-json\/wp\/v2\/tags?post=499"}],"curies":[{"name":"wp","href":"https:\/\/api.w.org\/{rel}","templated":true}]}}