{"id":422,"date":"2017-08-05T17:26:27","date_gmt":"2017-08-05T15:26:27","guid":{"rendered":"http:\/\/emvee.de\/wordpress\/?p=422"},"modified":"2017-08-06T18:21:54","modified_gmt":"2017-08-06T16:21:54","slug":"in-ulm-um-ulm-um-ulm-herum-folge-1-das-fischerviertel","status":"publish","type":"post","link":"https:\/\/bildvogt.eu\/wordpress\/2017\/08\/05\/in-ulm-um-ulm-um-ulm-herum-folge-1-das-fischerviertel\/","title":{"rendered":"In Ulm, um Ulm, um Ulm herum \u2013 Folge 1: Das Fischerviertel"},"content":{"rendered":"<p style=\"text-align: justify;\">In dieser neuen Serie m\u00f6chte ich einmal Orte und Pl\u00e4tze in Ulm (und Neu-Ulm) sowie dem Umkreis vorstellen.<\/p>\n<p style=\"text-align: justify;\">Beginnen m\u00f6chte ich mit dem Fischerviertel im Herzen von Ulm. Eigentlich ja &#8222;Fischer- und Gerberviertel&#8220; genannt, liegt es im S\u00fcdwesten der historischen Altstadt. Begrenzt wird es im Westen vom Kobelgraben, im S\u00fcden von der Donau, im Osten von der Schw\u00f6rhausgasse (den dort liegenden Weinhof stelle ich ein andermal vor) und im Norden heute von der &#8222;Neuen Stra\u00dfe&#8220;. Vor dem Zweiten Weltkrieg geh\u00f6rte auch noch das Lederhof-Gel\u00e4nde zwischen Lautengasse und Friedrich-Ebert-Stra\u00dfe dazu. Die Lebensader des Viertels sind die beiden Arme der Blau, die n\u00f6rdlich vom Lederhof in die Stadt eingelassen wurde und dann in die Donau m\u00fcndet.<\/p>\n<figure id=\"attachment_424\" aria-describedby=\"caption-attachment-424\" style=\"width: 600px\" class=\"wp-caption aligncenter\"><img loading=\"lazy\" decoding=\"async\" class=\"size-large wp-image-424\" src=\"http:\/\/emvee.de\/wordpress\/wp-content\/uploads\/2017\/08\/Ulm-\u2013-Ha\u0308uslesbru\u0308cke-bei-Nacht-1024x683.jpg\" alt=\"Im Fischerviertel bei Nacht\" width=\"600\" height=\"400\" srcset=\"https:\/\/bildvogt.eu\/wordpress\/wp-content\/uploads\/2017\/08\/Ulm-\u2013-Ha\u0308uslesbru\u0308cke-bei-Nacht-1024x683.jpg 1024w, https:\/\/bildvogt.eu\/wordpress\/wp-content\/uploads\/2017\/08\/Ulm-\u2013-Ha\u0308uslesbru\u0308cke-bei-Nacht-300x200.jpg 300w, https:\/\/bildvogt.eu\/wordpress\/wp-content\/uploads\/2017\/08\/Ulm-\u2013-Ha\u0308uslesbru\u0308cke-bei-Nacht-768x512.jpg 768w, https:\/\/bildvogt.eu\/wordpress\/wp-content\/uploads\/2017\/08\/Ulm-\u2013-Ha\u0308uslesbru\u0308cke-bei-Nacht-1240x827.jpg 1240w, https:\/\/bildvogt.eu\/wordpress\/wp-content\/uploads\/2017\/08\/Ulm-\u2013-Ha\u0308uslesbru\u0308cke-bei-Nacht-508x339.jpg 508w\" sizes=\"auto, (max-width: 600px) 100vw, 600px\" \/><figcaption id=\"caption-attachment-424\" class=\"wp-caption-text\">Im Fischerviertel bei Nacht \u2013\u00a0Hier die H\u00e4uslesbr\u00fccke, an deren Ende links das &#8222;Schmale Haus&#8220;, direkt daneben hell erleuchtet die &#8222;Forelle&#8220;. Die Weide rechts ist ein Naturdenkmal.<\/figcaption><\/figure>\n<p style=\"text-align: justify;\">Entstanden ist das Fischerviertel wohl nach der Stadterweiterung von 1316. Gepr\u00e4gt wird es von vielen gut erhaltenen Fachwerkh\u00e4usern, in denen Handwerker im Mittelalter ihre Leder gerbten und zum Trocknen auslegten. Gl\u00fccklicherweise wurde das Viertel \u2013 im Gegensatz zum Gro\u00dfteil der Stadt \u2013 bei den Luftangriffen im Zweiten Weltkrieg einigerma\u00dfen verschont, so dass es neben dem Viertel &#8222;Auf dem Kreuz&#8220; einer der sch\u00f6nsten mittelalterlichen Orte in Ulm geblieben ist, auch wenn sich der ein oder andere moderne Bau auch dort bereits breitgemacht hat.<\/p>\n<p><img loading=\"lazy\" decoding=\"async\" class=\"wp-image-428 size-large\" style=\"font-weight: bold;\" src=\"http:\/\/emvee.de\/wordpress\/wp-content\/uploads\/2017\/08\/1-Ulm-\u2013-Steinerne-Bru\u0308cke-10-683x1024.jpg\" alt=\"Blick von der Lochm\u00fchle in Richtung S\u00fcden\" width=\"600\" height=\"900\" srcset=\"https:\/\/bildvogt.eu\/wordpress\/wp-content\/uploads\/2017\/08\/1-Ulm-\u2013-Steinerne-Bru\u0308cke-10-683x1024.jpg 683w, https:\/\/bildvogt.eu\/wordpress\/wp-content\/uploads\/2017\/08\/1-Ulm-\u2013-Steinerne-Bru\u0308cke-10-200x300.jpg 200w, https:\/\/bildvogt.eu\/wordpress\/wp-content\/uploads\/2017\/08\/1-Ulm-\u2013-Steinerne-Bru\u0308cke-10-768x1152.jpg 768w, https:\/\/bildvogt.eu\/wordpress\/wp-content\/uploads\/2017\/08\/1-Ulm-\u2013-Steinerne-Bru\u0308cke-10-1240x1860.jpg 1240w, https:\/\/bildvogt.eu\/wordpress\/wp-content\/uploads\/2017\/08\/1-Ulm-\u2013-Steinerne-Bru\u0308cke-10-508x762.jpg 508w\" sizes=\"auto, (max-width: 600px) 100vw, 600px\" \/><span style=\"color: #666666; font-size: 14px; font-style: italic;\">Blick von der Lochm\u00fchle in Richtung S\u00fcden auf die flussseitigen Fassaden der Gerberh\u00e4user entlang der Gro\u00dfen Blau<\/span><\/p>\n<p style=\"text-align: justify;\">Ganz im Norden befindet mit der historischen Lochm\u00fchle der \u00e4lteste erhaltene M\u00fchlenbau in der Ulmer Altstadt. Die Lochm\u00fchle wurde erstmals im Jahr 1356 in einem Spruchbrief erw\u00e4hnt. Da in diesem von einem Gewohnheitsrecht die Rede ist, muss die M\u00fchle aber schon lange vorher bestanden haben. Der S\u00fcdgiebel ist im Originalzustand und wurde vor 1612 errichtet. 1977 wurde das bis dahin verputzte Geb\u00e4ude saniert und eine Wirtschaft zog dort ein.<\/p>\n<p><img loading=\"lazy\" decoding=\"async\" class=\"wp-image-427 size-large\" style=\"font-weight: bold;\" src=\"http:\/\/emvee.de\/wordpress\/wp-content\/uploads\/2017\/08\/1-Ulm-\u2013-Lochmu\u0308hle-1024x723.jpg\" alt=\"Die Lochm\u00fchle\" width=\"600\" height=\"424\" srcset=\"https:\/\/bildvogt.eu\/wordpress\/wp-content\/uploads\/2017\/08\/1-Ulm-\u2013-Lochmu\u0308hle-1024x723.jpg 1024w, https:\/\/bildvogt.eu\/wordpress\/wp-content\/uploads\/2017\/08\/1-Ulm-\u2013-Lochmu\u0308hle-300x212.jpg 300w, https:\/\/bildvogt.eu\/wordpress\/wp-content\/uploads\/2017\/08\/1-Ulm-\u2013-Lochmu\u0308hle-768x542.jpg 768w, https:\/\/bildvogt.eu\/wordpress\/wp-content\/uploads\/2017\/08\/1-Ulm-\u2013-Lochmu\u0308hle-1240x875.jpg 1240w, https:\/\/bildvogt.eu\/wordpress\/wp-content\/uploads\/2017\/08\/1-Ulm-\u2013-Lochmu\u0308hle-508x359.jpg 508w\" sizes=\"auto, (max-width: 600px) 100vw, 600px\" \/><span style=\"color: #666666; font-size: 14px; font-style: italic;\">Die Lochm\u00fchle an der Gro\u00dfen Blau<\/span><\/p>\n<p style=\"text-align: justify;\">Weiter geht es durch die Schw\u00f6rhausgasse, die das Fischerviertel vom Weinhof trennt. An deren Ende steht das &#8222;Schiefe Haus&#8220;, das im 14. Jahrhundert errichtet wurde und nach mehreren Umbauten im Jahr 1443 seine heutige Gestalt erhielt. Bedingt durch das jahrhundertelange langsame Absinken der flussseitigen Fassade in das Erdreich weist das Geb\u00e4ude heute eine Neigung von etwa 10\u00b0 auf. Seit der Sanierung 1995 wird das Haus als Hotel genutzt, seit 1997 gilt es als schiefstes Hotel der Welt. Es ist heute eins der bekanntesten Geb\u00e4ude Ulms.<\/p>\n<figure id=\"attachment_435\" aria-describedby=\"caption-attachment-435\" style=\"width: 600px\" class=\"wp-caption aligncenter\"><img loading=\"lazy\" decoding=\"async\" class=\"size-large wp-image-435\" src=\"http:\/\/emvee.de\/wordpress\/wp-content\/uploads\/2017\/08\/Ulm-\u2013-Schiefes-Haus-2-1024x740.jpg\" alt=\"Das &quot;Schiefe Haus&quot;\" width=\"600\" height=\"434\" srcset=\"https:\/\/bildvogt.eu\/wordpress\/wp-content\/uploads\/2017\/08\/Ulm-\u2013-Schiefes-Haus-2-1024x740.jpg 1024w, https:\/\/bildvogt.eu\/wordpress\/wp-content\/uploads\/2017\/08\/Ulm-\u2013-Schiefes-Haus-2-300x217.jpg 300w, https:\/\/bildvogt.eu\/wordpress\/wp-content\/uploads\/2017\/08\/Ulm-\u2013-Schiefes-Haus-2-768x555.jpg 768w, https:\/\/bildvogt.eu\/wordpress\/wp-content\/uploads\/2017\/08\/Ulm-\u2013-Schiefes-Haus-2-1240x896.jpg 1240w, https:\/\/bildvogt.eu\/wordpress\/wp-content\/uploads\/2017\/08\/Ulm-\u2013-Schiefes-Haus-2-508x367.jpg 508w\" sizes=\"auto, (max-width: 600px) 100vw, 600px\" \/><figcaption id=\"caption-attachment-435\" class=\"wp-caption-text\">Das &#8222;Schiefe Haus&#8220;<\/figcaption><\/figure>\n<p style=\"text-align: justify;\">Am Schiefen Haus rechts abgebogen, steuert man geradewegs auf die &#8222;Ulmer M\u00fcnz&#8220; zu. Das Geb\u00e4ude wurde im fr\u00fchen 15. Jahrhundert errichtet und beherbergte zwischen 1620 und 1624 die M\u00fcnzst\u00e4tte der Freien Reichsstadt Ulm. Sp\u00e4ter wurde das Geb\u00e4ude verschiedenartig genutzt, zum Beispiel um 1900 als Rollgerstenfabrik. 1987\/88 wurde das Haus saniert und das Fachwerk wieder freigelegt.<\/p>\n<p style=\"text-align: justify;\">Vom Vorplatz der M\u00fcnz und des Schiefen Hauses hat man auch einen Blick auf die 1316 errichtete H\u00e4uslesbr\u00fccke.<\/p>\n<figure id=\"attachment_425\" aria-describedby=\"caption-attachment-425\" style=\"width: 600px\" class=\"wp-caption aligncenter\"><img loading=\"lazy\" decoding=\"async\" class=\"size-large wp-image-425\" src=\"http:\/\/emvee.de\/wordpress\/wp-content\/uploads\/2017\/08\/Ulm-\u2013-Fischerviertel-1-1024x678.jpg\" alt=\"Blick vom Schiefen Haus zur H\u00e4uslesbr\u00fccke\" width=\"600\" height=\"397\" srcset=\"https:\/\/bildvogt.eu\/wordpress\/wp-content\/uploads\/2017\/08\/Ulm-\u2013-Fischerviertel-1-1024x678.jpg 1024w, https:\/\/bildvogt.eu\/wordpress\/wp-content\/uploads\/2017\/08\/Ulm-\u2013-Fischerviertel-1-300x199.jpg 300w, https:\/\/bildvogt.eu\/wordpress\/wp-content\/uploads\/2017\/08\/Ulm-\u2013-Fischerviertel-1-768x509.jpg 768w, https:\/\/bildvogt.eu\/wordpress\/wp-content\/uploads\/2017\/08\/Ulm-\u2013-Fischerviertel-1-1240x821.jpg 1240w, https:\/\/bildvogt.eu\/wordpress\/wp-content\/uploads\/2017\/08\/Ulm-\u2013-Fischerviertel-1-508x336.jpg 508w\" sizes=\"auto, (max-width: 600px) 100vw, 600px\" \/><figcaption id=\"caption-attachment-425\" class=\"wp-caption-text\">Blick vom Schiefen Haus zur H\u00e4uslesbr\u00fccke<\/figcaption><\/figure>\n<p style=\"text-align: justify;\">Man gelangt auf das &#8222;Fischerpl\u00e4tzle&#8220;, das sich ganz im S\u00fcdosten des Fischerviertels befindet. Hier befand sich fr\u00fcher der &#8222;Gumpen&#8220;, ein kleiner, innerhalb der Stadtmauer gelegener Donauhafen. Umrahmt wird der Platz vom &#8222;Sch\u00f6nen Haus&#8220; (urkundliche Erw\u00e4hnung 1533, Umgestaltung 1616, Belgrad-Fresko von 1717), dem Zunfthaus aus dem 15. Jahrhundert und der Stadtmauer von 1480 \u2013 bis 1843 stand hier auch noch der &#8222;Einla\u00df&#8220;, einer der vielen Stadtt\u00fcrme Ulms. Von hier aus kommt man auch auf die historische Stadtmauer, die man zwischen der Adlerbastei und der Oberen Donaubastion (mit einer Unterbrechung auf der Herdbr\u00fccke) komplett ablaufen kann.<\/p>\n<p style=\"text-align: justify;\">Weiter geht es durch die Fischergasse, vorbei am &#8222;Schmalen Haus&#8220; aus dem 16. Jahrhundert, welches bei 16 Meter L\u00e4nge nur eine Breite von 4,63 Meter aufweist und an der seit 1626 bestehenden Gastst\u00e4tte &#8222;Zur Forelle&#8220;. Hier geht es rechts weiter zur H\u00e4uslesbr\u00fccke, links kommt man auf den offiziell &#8222;Schweinmarkt&#8220; genannten Platz, der von jedem Ulmer aber nur als &#8222;Saumarkt&#8220; bezeichnet wird. Am Ende des Saumarkts befindet sich die Obere Donaubastion (nicht verwechseln mit der weiter westlich gelegenen gleichnamigen Bastion der Bundesfestung), die ab 1617 an der s\u00fcdwestlichen Ecke der Stadtbefestigung errichtet wurde.<\/p>\n<p style=\"text-align: justify;\"><img loading=\"lazy\" decoding=\"async\" class=\"wp-image-429 size-large\" style=\"font-weight: bold;\" src=\"http:\/\/emvee.de\/wordpress\/wp-content\/uploads\/2017\/08\/Ulm-\u2013-Bastion-Lauseck-680x1024.jpg\" alt=\"Die Obere Donaubastion\" width=\"600\" height=\"904\" srcset=\"https:\/\/bildvogt.eu\/wordpress\/wp-content\/uploads\/2017\/08\/Ulm-\u2013-Bastion-Lauseck-680x1024.jpg 680w, https:\/\/bildvogt.eu\/wordpress\/wp-content\/uploads\/2017\/08\/Ulm-\u2013-Bastion-Lauseck-199x300.jpg 199w, https:\/\/bildvogt.eu\/wordpress\/wp-content\/uploads\/2017\/08\/Ulm-\u2013-Bastion-Lauseck-768x1156.jpg 768w, https:\/\/bildvogt.eu\/wordpress\/wp-content\/uploads\/2017\/08\/Ulm-\u2013-Bastion-Lauseck-1240x1866.jpg 1240w, https:\/\/bildvogt.eu\/wordpress\/wp-content\/uploads\/2017\/08\/Ulm-\u2013-Bastion-Lauseck-508x765.jpg 508w\" sizes=\"auto, (max-width: 600px) 100vw, 600px\" \/><span style=\"color: #666666; font-size: 14px; font-style: italic;\">Die Obere Donaubastion, auch Bastion Lauseck genannt, anl\u00e4sslich des Schw\u00f6rmontags beflaggt.<\/span><\/p>\n<p style=\"text-align: justify;\">Vom Saumarkt zur\u00fcck, geht man geradewegs auf das &#8222;K\u00e4ssbohrerhaus&#8220; zu, welches um 1480 als Wohnhaus errichtet wurde. Es ist das Stammhaus von Karl K\u00e4ssbohrer, dem Gr\u00fcnder der sp\u00e4teren K\u00e4ssbohrer Fahrzeugwerke (heute als &#8222;EvoBus&#8220; Teil des Daimler-Benz-Konzerns), und beherbergt heute das Setra-Museum.<\/p>\n<figure id=\"attachment_426\" aria-describedby=\"caption-attachment-426\" style=\"width: 600px\" class=\"wp-caption aligncenter\"><img loading=\"lazy\" decoding=\"async\" class=\"size-large wp-image-426\" src=\"http:\/\/emvee.de\/wordpress\/wp-content\/uploads\/2017\/08\/Ulm-\u2013-Ka\u0308ssbohrerhaus-1-745x1024.jpg\" alt=\"Das K\u00e4ssbohrerhaus\" width=\"600\" height=\"825\" srcset=\"https:\/\/bildvogt.eu\/wordpress\/wp-content\/uploads\/2017\/08\/Ulm-\u2013-Ka\u0308ssbohrerhaus-1-745x1024.jpg 745w, https:\/\/bildvogt.eu\/wordpress\/wp-content\/uploads\/2017\/08\/Ulm-\u2013-Ka\u0308ssbohrerhaus-1-218x300.jpg 218w, https:\/\/bildvogt.eu\/wordpress\/wp-content\/uploads\/2017\/08\/Ulm-\u2013-Ka\u0308ssbohrerhaus-1-768x1056.jpg 768w, https:\/\/bildvogt.eu\/wordpress\/wp-content\/uploads\/2017\/08\/Ulm-\u2013-Ka\u0308ssbohrerhaus-1-1240x1705.jpg 1240w, https:\/\/bildvogt.eu\/wordpress\/wp-content\/uploads\/2017\/08\/Ulm-\u2013-Ka\u0308ssbohrerhaus-1-508x699.jpg 508w\" sizes=\"auto, (max-width: 600px) 100vw, 600px\" \/><figcaption id=\"caption-attachment-426\" class=\"wp-caption-text\">Das K\u00e4ssbohrerhaus<\/figcaption><\/figure>\n<p style=\"text-align: justify;\">Man kann nun entweder \u00fcber die Blauinsel zur Lochm\u00fchle zur\u00fccklaufen, wo man die Front der Gerberh\u00e4user entlang des Flusses bestaunen kann und am Ende noch auf das sch\u00f6n sanierte Fachwerkhaus &#8222;Auf der Insel 1&#8220; trifft. Oder man geht \u00fcber die parallel verlaufende Fischergasse wieder in Richtung Norden, auch hier kommt man noch an ein paar sch\u00f6nen Fachwerkh\u00e4usern wie den Hausnummern 18 und 22 vorbei und kann sich noch unterwegs im Allg\u00e4uer Hof oder im Wilden Mann st\u00e4rken.<\/p>\n<p style=\"text-align: justify;\"><em>Titelbild: Das Schiefe Haus bei Nacht, ganz links angeschnitten die Ulmer M\u00fcnz. Dazwischen das Haus Schw\u00f6rhausgasse 5. Ganz rechts hinter dem Schiefen Haus kann man noch ein St\u00fcck der urspr\u00fcnglichen Stadtmauer Ulms aus dem 12. Jahrhundert (der sogenannten &#8222;Staufermauer&#8220;) sehen.<\/em><\/p>\n<hr \/>\n<p style=\"text-align: justify;\"><em>Anfahrt: Mit dem Auto in die Stadt zu fahren, ist auf Grund der zahlreichen Baustellen gerade nicht zu empfehlen. Besser die P+R-Parkpl\u00e4tze an der Donauhalle nutzen und mit der Stra\u00dfenbahn bis zur Haltestelle Hauptbahnhof fahren. Von dort aus geht es durch die Einkaufsmeile Bahnhofstra\u00dfe \/ Hirschstra\u00dfe, dann rechts den Lautenberg am Neuen Bau hinunter, dann links unter der Unterf\u00fchrung durch. Schon steht man im Fischerviertel.<\/em><\/p>\n","protected":false},"excerpt":{"rendered":"<p>In dieser neuen Serie m\u00f6chte ich einmal Orte und Pl\u00e4tze in Ulm (und Neu-Ulm) sowie dem Umkreis vorstellen. Beginnen m\u00f6chte ich mit dem Fischerviertel im Herzen von Ulm. Eigentlich ja &#8222;Fischer- und Gerberviertel&#8220; genannt, liegt es im S\u00fcdwesten der historischen Altstadt. Begrenzt wird es im Westen vom Kobelgraben, im S\u00fcden von der Donau, im Osten&#8230;<\/p>\n<p class=\"more-link-wrap\"><a href=\"https:\/\/bildvogt.eu\/wordpress\/2017\/08\/05\/in-ulm-um-ulm-um-ulm-herum-folge-1-das-fischerviertel\/\" class=\"more-link\">Weiterlesen<span class=\"screen-reader-text\"> &ldquo;In Ulm, um Ulm, um Ulm herum \u2013 Folge 1: Das Fischerviertel&rdquo;<\/span> &raquo;<\/a><\/p>\n","protected":false},"author":1,"featured_media":430,"comment_status":"open","ping_status":"open","sticky":false,"template":"","format":"standard","meta":{"footnotes":""},"categories":[276],"tags":[277,34,278,174,259,26],"class_list":["post-422","post","type-post","status-publish","format-standard","has-post-thumbnail","hentry","category-in-ulm-um-ulm-um-ulm-herum","tag-altstadt","tag-architektur","tag-fachwerk","tag-geschichte","tag-mittelalter","tag-ulm"],"_links":{"self":[{"href":"https:\/\/bildvogt.eu\/wordpress\/wp-json\/wp\/v2\/posts\/422","targetHints":{"allow":["GET"]}}],"collection":[{"href":"https:\/\/bildvogt.eu\/wordpress\/wp-json\/wp\/v2\/posts"}],"about":[{"href":"https:\/\/bildvogt.eu\/wordpress\/wp-json\/wp\/v2\/types\/post"}],"author":[{"embeddable":true,"href":"https:\/\/bildvogt.eu\/wordpress\/wp-json\/wp\/v2\/users\/1"}],"replies":[{"embeddable":true,"href":"https:\/\/bildvogt.eu\/wordpress\/wp-json\/wp\/v2\/comments?post=422"}],"version-history":[{"count":14,"href":"https:\/\/bildvogt.eu\/wordpress\/wp-json\/wp\/v2\/posts\/422\/revisions"}],"predecessor-version":[{"id":446,"href":"https:\/\/bildvogt.eu\/wordpress\/wp-json\/wp\/v2\/posts\/422\/revisions\/446"}],"wp:featuredmedia":[{"embeddable":true,"href":"https:\/\/bildvogt.eu\/wordpress\/wp-json\/wp\/v2\/media\/430"}],"wp:attachment":[{"href":"https:\/\/bildvogt.eu\/wordpress\/wp-json\/wp\/v2\/media?parent=422"}],"wp:term":[{"taxonomy":"category","embeddable":true,"href":"https:\/\/bildvogt.eu\/wordpress\/wp-json\/wp\/v2\/categories?post=422"},{"taxonomy":"post_tag","embeddable":true,"href":"https:\/\/bildvogt.eu\/wordpress\/wp-json\/wp\/v2\/tags?post=422"}],"curies":[{"name":"wp","href":"https:\/\/api.w.org\/{rel}","templated":true}]}}