{"id":394,"date":"2017-06-05T20:44:49","date_gmt":"2017-06-05T18:44:49","guid":{"rendered":"http:\/\/emvee.de\/wordpress\/?p=394"},"modified":"2017-06-05T20:44:49","modified_gmt":"2017-06-05T18:44:49","slug":"in-extremo-meinloh-forum","status":"publish","type":"post","link":"https:\/\/bildvogt.eu\/wordpress\/2017\/06\/05\/in-extremo-meinloh-forum\/","title":{"rendered":"In Extremo \/\/ Meinloh-Forum"},"content":{"rendered":"<p style=\"text-align: justify;\">Die Mittelalterrocker von <strong><a href=\"http:\/\/www.inextremo.de\" target=\"_blank\" rel=\"noopener noreferrer\">In Extremo<\/a><\/strong> habe ich ja schon mehrmals vor der Linse gehabt (2014 bei der &#8222;Kunstraub&#8220;-Tour\u00a0in der Ratiopharm Arena und vor ziemlich genau einem Jahr beim Warm Up im Kaminwerk). Wer mich kennt, wei\u00df, dass ich die Jungs schon sehr lange (sp\u00e4testens seit &#8222;S\u00fcnder ohne Z\u00fcgel&#8220;) zu meinen Lieblingsbands z\u00e4hle und daher freue ich mich jedes Mal besonders, wenn es mit der Fotoakkreditierung bei ihnen klappt \ud83d\ude42<\/p>\n<p style=\"text-align: justify;\">Dieses Mal traten In Extremo im Rahmen ihrer &#8222;10 Jahre Burgentour&#8220; im Meinloh-Forum nahe dem ehemaligen Kloster S\u00f6flingen in Ulm auf. Einige St\u00fccke vom aktuellen Album &#8222;Quid Pro Quo&#8220; fanden ihren Weg auf die Setliste (u.a. Pikse Palve, Sternhagelvoll und St\u00f6rtebeker), aber auch die Klassiker kamen nicht zu kurz \u2013 so gab es u.a. auch &#8222;Poc Vecem&#8220;, &#8222;Vollmond&#8220;, &#8222;S\u00e4ngerkrieg&#8220; oder &#8222;Liam&#8220; zu h\u00f6ren und auch der gegen Ende des Konzerts einsetzende str\u00f6mende Regen konnte niemand etwas anhaben.<\/p>\n<p style=\"text-align: justify;\">Die ganze Bildergalerie gibt es <strong><a href=\"https:\/\/www.team-ulm.de\/Fotos\/Soeflingen\/03-06-2017\/9364\/\" target=\"_blank\" rel=\"noopener noreferrer\">hier auf Team-Ulm<\/a>.<\/strong><\/p>\n<figure id=\"attachment_395\" aria-describedby=\"caption-attachment-395\" style=\"width: 600px\" class=\"wp-caption aligncenter\"><img loading=\"lazy\" decoding=\"async\" class=\"wp-image-395 size-large\" src=\"http:\/\/emvee.de\/wordpress\/wp-content\/uploads\/2017\/06\/IMG7989-683x1024.jpg\" alt=\"&quot;Yellow Pfeiffer&quot; an der Sackpfeife\" width=\"600\" height=\"900\" srcset=\"https:\/\/bildvogt.eu\/wordpress\/wp-content\/uploads\/2017\/06\/IMG7989-683x1024.jpg 683w, https:\/\/bildvogt.eu\/wordpress\/wp-content\/uploads\/2017\/06\/IMG7989-200x300.jpg 200w, https:\/\/bildvogt.eu\/wordpress\/wp-content\/uploads\/2017\/06\/IMG7989-768x1151.jpg 768w, https:\/\/bildvogt.eu\/wordpress\/wp-content\/uploads\/2017\/06\/IMG7989-1240x1858.jpg 1240w, https:\/\/bildvogt.eu\/wordpress\/wp-content\/uploads\/2017\/06\/IMG7989-508x761.jpg 508w\" sizes=\"auto, (max-width: 600px) 100vw, 600px\" \/><figcaption id=\"caption-attachment-395\" class=\"wp-caption-text\">&#8222;Yellow Pfeiffer&#8220; an der Sackpfeife<\/figcaption><\/figure>\n<figure id=\"attachment_396\" aria-describedby=\"caption-attachment-396\" style=\"width: 600px\" class=\"wp-caption aligncenter\"><img loading=\"lazy\" decoding=\"async\" class=\"wp-image-396 size-large\" src=\"http:\/\/emvee.de\/wordpress\/wp-content\/uploads\/2017\/06\/IMG8099-683x1024.jpg\" alt=\"S\u00e4nger &quot;Das letzte Einhorn&quot;\" width=\"600\" height=\"900\" srcset=\"https:\/\/bildvogt.eu\/wordpress\/wp-content\/uploads\/2017\/06\/IMG8099-683x1024.jpg 683w, https:\/\/bildvogt.eu\/wordpress\/wp-content\/uploads\/2017\/06\/IMG8099-200x300.jpg 200w, https:\/\/bildvogt.eu\/wordpress\/wp-content\/uploads\/2017\/06\/IMG8099-768x1151.jpg 768w, https:\/\/bildvogt.eu\/wordpress\/wp-content\/uploads\/2017\/06\/IMG8099-1240x1858.jpg 1240w, https:\/\/bildvogt.eu\/wordpress\/wp-content\/uploads\/2017\/06\/IMG8099-508x761.jpg 508w\" sizes=\"auto, (max-width: 600px) 100vw, 600px\" \/><figcaption id=\"caption-attachment-396\" class=\"wp-caption-text\">S\u00e4nger &#8222;Das letzte Einhorn&#8220;<\/figcaption><\/figure>\n<figure id=\"attachment_399\" aria-describedby=\"caption-attachment-399\" style=\"width: 600px\" class=\"wp-caption aligncenter\"><img loading=\"lazy\" decoding=\"async\" class=\"size-large wp-image-399\" src=\"http:\/\/emvee.de\/wordpress\/wp-content\/uploads\/2017\/06\/IMG8093-1-683x1024.jpg\" alt=\"&quot;Dr. Pymonte&quot; an der Harfe\" width=\"600\" height=\"900\" srcset=\"https:\/\/bildvogt.eu\/wordpress\/wp-content\/uploads\/2017\/06\/IMG8093-1-683x1024.jpg 683w, https:\/\/bildvogt.eu\/wordpress\/wp-content\/uploads\/2017\/06\/IMG8093-1-200x300.jpg 200w, https:\/\/bildvogt.eu\/wordpress\/wp-content\/uploads\/2017\/06\/IMG8093-1-768x1151.jpg 768w, https:\/\/bildvogt.eu\/wordpress\/wp-content\/uploads\/2017\/06\/IMG8093-1-1240x1858.jpg 1240w, https:\/\/bildvogt.eu\/wordpress\/wp-content\/uploads\/2017\/06\/IMG8093-1-508x761.jpg 508w\" sizes=\"auto, (max-width: 600px) 100vw, 600px\" \/><figcaption id=\"caption-attachment-399\" class=\"wp-caption-text\">&#8222;Dr. Pymonte&#8220; an der Harfe<\/figcaption><\/figure>\n","protected":false},"excerpt":{"rendered":"<p>Die Mittelalterrocker von In Extremo habe ich ja schon mehrmals vor der Linse gehabt (2014 bei der &#8222;Kunstraub&#8220;-Tour\u00a0in der Ratiopharm Arena und vor ziemlich genau einem Jahr beim Warm Up im Kaminwerk). Wer mich kennt, wei\u00df, dass ich die Jungs schon sehr lange (sp\u00e4testens seit &#8222;S\u00fcnder ohne Z\u00fcgel&#8220;) zu meinen Lieblingsbands z\u00e4hle und daher freue&#8230;<\/p>\n<p class=\"more-link-wrap\"><a href=\"https:\/\/bildvogt.eu\/wordpress\/2017\/06\/05\/in-extremo-meinloh-forum\/\" class=\"more-link\">Weiterlesen<span class=\"screen-reader-text\"> &ldquo;In Extremo \/\/ Meinloh-Forum&rdquo;<\/span> &raquo;<\/a><\/p>\n","protected":false},"author":1,"featured_media":397,"comment_status":"open","ping_status":"open","sticky":false,"template":"","format":"standard","meta":{"footnotes":""},"categories":[19,51],"tags":[139,74,36,131,262,20,21,28,132,263,27,23,121,26],"class_list":["post-394","post","type-post","status-publish","format-standard","has-post-thumbnail","hentry","category-konzertfotografie","category-ulm","tag-buehne","tag-gig","tag-gitarre","tag-hard-rock","tag-in-extremo","tag-konzert","tag-konzertfotografie","tag-live","tag-metal","tag-mittelalterrock","tag-musik","tag-rock","tag-stage","tag-ulm"],"_links":{"self":[{"href":"https:\/\/bildvogt.eu\/wordpress\/wp-json\/wp\/v2\/posts\/394","targetHints":{"allow":["GET"]}}],"collection":[{"href":"https:\/\/bildvogt.eu\/wordpress\/wp-json\/wp\/v2\/posts"}],"about":[{"href":"https:\/\/bildvogt.eu\/wordpress\/wp-json\/wp\/v2\/types\/post"}],"author":[{"embeddable":true,"href":"https:\/\/bildvogt.eu\/wordpress\/wp-json\/wp\/v2\/users\/1"}],"replies":[{"embeddable":true,"href":"https:\/\/bildvogt.eu\/wordpress\/wp-json\/wp\/v2\/comments?post=394"}],"version-history":[{"count":1,"href":"https:\/\/bildvogt.eu\/wordpress\/wp-json\/wp\/v2\/posts\/394\/revisions"}],"predecessor-version":[{"id":400,"href":"https:\/\/bildvogt.eu\/wordpress\/wp-json\/wp\/v2\/posts\/394\/revisions\/400"}],"wp:featuredmedia":[{"embeddable":true,"href":"https:\/\/bildvogt.eu\/wordpress\/wp-json\/wp\/v2\/media\/397"}],"wp:attachment":[{"href":"https:\/\/bildvogt.eu\/wordpress\/wp-json\/wp\/v2\/media?parent=394"}],"wp:term":[{"taxonomy":"category","embeddable":true,"href":"https:\/\/bildvogt.eu\/wordpress\/wp-json\/wp\/v2\/categories?post=394"},{"taxonomy":"post_tag","embeddable":true,"href":"https:\/\/bildvogt.eu\/wordpress\/wp-json\/wp\/v2\/tags?post=394"}],"curies":[{"name":"wp","href":"https:\/\/api.w.org\/{rel}","templated":true}]}}