{"id":35,"date":"2016-08-28T12:48:41","date_gmt":"2016-08-28T10:48:41","guid":{"rendered":"http:\/\/emvee.de\/wordpress\/?p=35"},"modified":"2016-08-28T14:36:00","modified_gmt":"2016-08-28T12:36:00","slug":"willkommen-bei-emvee","status":"publish","type":"post","link":"https:\/\/bildvogt.eu\/wordpress\/2016\/08\/28\/willkommen-bei-emvee\/","title":{"rendered":"Willkommen bei emvee"},"content":{"rendered":"<p style=\"text-align: justify;\">Seit einigen Jahren schon sind meine beiden Pentax-Kameras (K-7 und K-5\u00a0II) in meiner Freizeit meine treuen Begleiter. Anfangs machte ich alle m\u00f6glichen Fotos auf meinen zahlreichen Fahrradtouren rund um Ulm, sp\u00e4ter beschr\u00e4nkte ich mich auf die Bereiche Landschaft, Natur und Architektur, mit ein bisschen Makrofotografie. Seit 2013 bin ich auch in der regionalen Kulturszene unterwegs, vorwiegend f\u00fcr das Onlinemagazin <a href=\"http:\/\/www.team-ulm.de\/\" target=\"_blank\">Team-Ulm.de<\/a>, von kleinen Veranstaltungen vor weniger als hundert Leuten \u00fcber Hallenkonzerte bis hin zu Gro\u00dfveranstaltungen wie dem Schw\u00f6rmontag oder dem Wei\u00dfenhorner Faschingsumzug. Auf den folgenden Seiten finden Sie ein paar meiner Arbeiten. Ich w\u00fcnsche viel Vergn\u00fcgen beim Betrachten und w\u00fcrde mich \u00fcber die ein oder andere E-Mail freuen \ud83d\ude42<\/p>\n","protected":false},"excerpt":{"rendered":"<p>Seit einigen Jahren schon sind meine beiden Pentax-Kameras (K-7 und K-5\u00a0II) in meiner Freizeit meine treuen Begleiter. Anfangs machte ich alle m\u00f6glichen Fotos auf meinen zahlreichen Fahrradtouren rund um Ulm, sp\u00e4ter beschr\u00e4nkte ich mich auf die Bereiche Landschaft, Natur und Architektur, mit ein bisschen Makrofotografie. Seit 2013 bin ich auch in der regionalen Kulturszene unterwegs,&#8230;<\/p>\n<p class=\"more-link-wrap\"><a href=\"https:\/\/bildvogt.eu\/wordpress\/2016\/08\/28\/willkommen-bei-emvee\/\" class=\"more-link\">Weiterlesen<span class=\"screen-reader-text\"> &ldquo;Willkommen bei emvee&rdquo;<\/span> &raquo;<\/a><\/p>\n","protected":false},"author":1,"featured_media":10,"comment_status":"open","ping_status":"open","sticky":false,"template":"","format":"standard","meta":{"footnotes":""},"categories":[1],"tags":[],"class_list":["post-35","post","type-post","status-publish","format-standard","has-post-thumbnail","hentry","category-allgemein"],"_links":{"self":[{"href":"https:\/\/bildvogt.eu\/wordpress\/wp-json\/wp\/v2\/posts\/35","targetHints":{"allow":["GET"]}}],"collection":[{"href":"https:\/\/bildvogt.eu\/wordpress\/wp-json\/wp\/v2\/posts"}],"about":[{"href":"https:\/\/bildvogt.eu\/wordpress\/wp-json\/wp\/v2\/types\/post"}],"author":[{"embeddable":true,"href":"https:\/\/bildvogt.eu\/wordpress\/wp-json\/wp\/v2\/users\/1"}],"replies":[{"embeddable":true,"href":"https:\/\/bildvogt.eu\/wordpress\/wp-json\/wp\/v2\/comments?post=35"}],"version-history":[{"count":3,"href":"https:\/\/bildvogt.eu\/wordpress\/wp-json\/wp\/v2\/posts\/35\/revisions"}],"predecessor-version":[{"id":76,"href":"https:\/\/bildvogt.eu\/wordpress\/wp-json\/wp\/v2\/posts\/35\/revisions\/76"}],"wp:featuredmedia":[{"embeddable":true,"href":"https:\/\/bildvogt.eu\/wordpress\/wp-json\/wp\/v2\/media\/10"}],"wp:attachment":[{"href":"https:\/\/bildvogt.eu\/wordpress\/wp-json\/wp\/v2\/media?parent=35"}],"wp:term":[{"taxonomy":"category","embeddable":true,"href":"https:\/\/bildvogt.eu\/wordpress\/wp-json\/wp\/v2\/categories?post=35"},{"taxonomy":"post_tag","embeddable":true,"href":"https:\/\/bildvogt.eu\/wordpress\/wp-json\/wp\/v2\/tags?post=35"}],"curies":[{"name":"wp","href":"https:\/\/api.w.org\/{rel}","templated":true}]}}