{"id":346,"date":"2017-05-09T20:09:10","date_gmt":"2017-05-09T18:09:10","guid":{"rendered":"http:\/\/emvee.de\/wordpress\/?p=346"},"modified":"2017-05-09T20:33:11","modified_gmt":"2017-05-09T18:33:11","slug":"tour-blog-vol-iv-ab-in-den-malerwinkel","status":"publish","type":"post","link":"https:\/\/bildvogt.eu\/wordpress\/2017\/05\/09\/tour-blog-vol-iv-ab-in-den-malerwinkel\/","title":{"rendered":"Tour-Blog, Vol. IV: Ab in den Malerwinkel"},"content":{"rendered":"<p style=\"text-align: justify;\"><em>\u201e&#8217;s ist wundersch\u00f6n, des Land, wo i auf&#8217;d Welt \u2019kemmen bin\u2026\u201c<\/em>\u00a0So beginnt ein alter Schlager der Zillertaler Sch\u00fcrzenj\u00e4ger \u2013 der beschreibt zwar das weiter s\u00fcdlich gelegene Zillertal rund um Finkenberg, aber auf den Malerwinkel im Berchtesgadener Land d\u00fcrfte das wohl genauso zutreffen. Aber von vorne:<\/p>\n<p style=\"text-align: justify;\">Eigentlich war der Ausflug ja f\u00fcr den Maifeiertag geplant, da dieser jedoch laut Wettervorhersage sprichw\u00f6rtlich ins Wasser fallen sollte (was er dann auch tat), zogen wir den Ausflug einen Tag vor und machten uns schon fr\u00fchmorgens \u00fcber eine \u00fcberraschend leere A8 (und A99) auf nach S\u00fcdostbayern \u2013 abgesehen von ein paar der\u00a0\u00fcblichen dr\u00e4ngelnden und rasenden Idioten\u00a0(komischerweise immer Fahrer von Wagen mit den vier Ringen auf dem K\u00fchlergrill \u2013 kriegen die in Ingolstadt extra noch &#8217;nen Kurs \u00e1 la \u201eFahren wie ein Arschloch\u201c oder sowas?) und ein bisschen Stockung wegen einer Baustelle kurz vorm Tegernsee kamen wir dieses Mal sehr gut durch.<\/p>\n<p style=\"text-align: justify;\">In Ramsau angekommen, musste nat\u00fcrlich erstmal das Fotomotiv schlechthin aufgenommen werden: Die Kirche St.\u00a0Sebastian (erbaut 1512, als Ramsau\u00a0noch nicht direkt bayerisch war, sondern der reichsunmittelbaren F\u00fcrstpropstei Berchtesgaden angeh\u00f6rte) mit den Gipfeln der noch verschneiten Reiteralpe im Hintergrund. Nach einer kurzen St\u00e4rkung beim &#8222;Oberwirt&#8220; ging es dann nochmal zur Kirche zur\u00fcck, dann weiter zu den Gletscherquellen, die aber mangels Schmelzwasser vom Blaueis-Gletscher noch nicht sprudelten \u2013 daf\u00fcr gabs ziemlich vermooste Steine zu sehen \ud83d\ude09<\/p>\n<figure id=\"attachment_348\" aria-describedby=\"caption-attachment-348\" style=\"width: 600px\" class=\"wp-caption aligncenter\"><img loading=\"lazy\" decoding=\"async\" class=\"size-large wp-image-348\" src=\"http:\/\/emvee.de\/wordpress\/wp-content\/uploads\/2017\/05\/IMG3940-1024x683.jpg\" alt=\"Gletscherquellen ohne Wasser\" width=\"600\" height=\"400\" srcset=\"https:\/\/bildvogt.eu\/wordpress\/wp-content\/uploads\/2017\/05\/IMG3940-1024x683.jpg 1024w, https:\/\/bildvogt.eu\/wordpress\/wp-content\/uploads\/2017\/05\/IMG3940-300x200.jpg 300w, https:\/\/bildvogt.eu\/wordpress\/wp-content\/uploads\/2017\/05\/IMG3940-768x512.jpg 768w, https:\/\/bildvogt.eu\/wordpress\/wp-content\/uploads\/2017\/05\/IMG3940-1240x827.jpg 1240w, https:\/\/bildvogt.eu\/wordpress\/wp-content\/uploads\/2017\/05\/IMG3940-508x339.jpg 508w\" sizes=\"auto, (max-width: 600px) 100vw, 600px\" \/><figcaption id=\"caption-attachment-348\" class=\"wp-caption-text\">Gletscherquellen ohne Wasser<\/figcaption><\/figure>\n<p style=\"text-align: justify;\">Weiter ging es dann mit dem Auto zum vier Kilometer entfernten Hintersee, nachdem aus unserem\u00a0eigentlichen Plan, zum K\u00f6nigssee weiterzufahren, wegen einer Sperrung und relativ langen Umleitung \u00fcber Bad Reichenhall nichts wurde. Zum Schluss gabs dann noch eine kleine St\u00e4rkung im Caf\u00e9 Gelfart. Alles in allem hat sich die lange Anfahrt von Ulm gelohnt bei der Aussicht. Und wir kommen bestimmt wieder.<\/p>\n<figure id=\"attachment_349\" aria-describedby=\"caption-attachment-349\" style=\"width: 600px\" class=\"wp-caption aligncenter\"><img loading=\"lazy\" decoding=\"async\" class=\"size-large wp-image-349\" src=\"http:\/\/emvee.de\/wordpress\/wp-content\/uploads\/2017\/05\/IMG4007-Bearbeitet-1024x538.jpg\" alt=\"Am Hintersee\" width=\"600\" height=\"315\" srcset=\"https:\/\/bildvogt.eu\/wordpress\/wp-content\/uploads\/2017\/05\/IMG4007-Bearbeitet-1024x538.jpg 1024w, https:\/\/bildvogt.eu\/wordpress\/wp-content\/uploads\/2017\/05\/IMG4007-Bearbeitet-300x158.jpg 300w, https:\/\/bildvogt.eu\/wordpress\/wp-content\/uploads\/2017\/05\/IMG4007-Bearbeitet-768x404.jpg 768w, https:\/\/bildvogt.eu\/wordpress\/wp-content\/uploads\/2017\/05\/IMG4007-Bearbeitet-1240x652.jpg 1240w, https:\/\/bildvogt.eu\/wordpress\/wp-content\/uploads\/2017\/05\/IMG4007-Bearbeitet-508x267.jpg 508w\" sizes=\"auto, (max-width: 600px) 100vw, 600px\" \/><figcaption id=\"caption-attachment-349\" class=\"wp-caption-text\">Am Hintersee<\/figcaption><\/figure>\n<figure id=\"attachment_350\" aria-describedby=\"caption-attachment-350\" style=\"width: 600px\" class=\"wp-caption aligncenter\"><img loading=\"lazy\" decoding=\"async\" class=\"size-large wp-image-350\" src=\"http:\/\/emvee.de\/wordpress\/wp-content\/uploads\/2017\/05\/IMG4015-Bearbeitet-1024x683.jpg\" alt=\"Am Hintersee\" width=\"600\" height=\"400\" srcset=\"https:\/\/bildvogt.eu\/wordpress\/wp-content\/uploads\/2017\/05\/IMG4015-Bearbeitet-1024x683.jpg 1024w, https:\/\/bildvogt.eu\/wordpress\/wp-content\/uploads\/2017\/05\/IMG4015-Bearbeitet-300x200.jpg 300w, https:\/\/bildvogt.eu\/wordpress\/wp-content\/uploads\/2017\/05\/IMG4015-Bearbeitet-768x512.jpg 768w, https:\/\/bildvogt.eu\/wordpress\/wp-content\/uploads\/2017\/05\/IMG4015-Bearbeitet-1240x827.jpg 1240w, https:\/\/bildvogt.eu\/wordpress\/wp-content\/uploads\/2017\/05\/IMG4015-Bearbeitet-508x339.jpg 508w\" sizes=\"auto, (max-width: 600px) 100vw, 600px\" \/><figcaption id=\"caption-attachment-350\" class=\"wp-caption-text\">Am Hintersee<\/figcaption><\/figure>\n","protected":false},"excerpt":{"rendered":"<p>\u201e&#8217;s ist wundersch\u00f6n, des Land, wo i auf&#8217;d Welt \u2019kemmen bin\u2026\u201c\u00a0So beginnt ein alter Schlager der Zillertaler Sch\u00fcrzenj\u00e4ger \u2013 der beschreibt zwar das weiter s\u00fcdlich gelegene Zillertal rund um Finkenberg, aber auf den Malerwinkel im Berchtesgadener Land d\u00fcrfte das wohl genauso zutreffen. Aber von vorne: Eigentlich war der Ausflug ja f\u00fcr den Maifeiertag geplant, da&#8230;<\/p>\n<p class=\"more-link-wrap\"><a href=\"https:\/\/bildvogt.eu\/wordpress\/2017\/05\/09\/tour-blog-vol-iv-ab-in-den-malerwinkel\/\" class=\"more-link\">Weiterlesen<span class=\"screen-reader-text\"> &ldquo;Tour-Blog, Vol. IV: Ab in den Malerwinkel&rdquo;<\/span> &raquo;<\/a><\/p>\n","protected":false},"author":1,"featured_media":347,"comment_status":"open","ping_status":"open","sticky":false,"template":"","format":"standard","meta":{"footnotes":""},"categories":[187,50,48,24,96],"tags":[102,233,229,103,97,188,230,54,53,231,16,232,228,70],"class_list":["post-346","post","type-post","status-publish","format-standard","has-post-thumbnail","hentry","category-fruehling","category-jahreszeit","category-landschaft","category-natur","category-tourblog","tag-alpen","tag-bayern","tag-berchtesgadener-land","tag-berge","tag-fototour","tag-fruehling","tag-hintersee","tag-jahreszeit","tag-landschaft","tag-malerwinkel","tag-natur","tag-oberbayern","tag-ramsau","tag-sonne"],"_links":{"self":[{"href":"https:\/\/bildvogt.eu\/wordpress\/wp-json\/wp\/v2\/posts\/346","targetHints":{"allow":["GET"]}}],"collection":[{"href":"https:\/\/bildvogt.eu\/wordpress\/wp-json\/wp\/v2\/posts"}],"about":[{"href":"https:\/\/bildvogt.eu\/wordpress\/wp-json\/wp\/v2\/types\/post"}],"author":[{"embeddable":true,"href":"https:\/\/bildvogt.eu\/wordpress\/wp-json\/wp\/v2\/users\/1"}],"replies":[{"embeddable":true,"href":"https:\/\/bildvogt.eu\/wordpress\/wp-json\/wp\/v2\/comments?post=346"}],"version-history":[{"count":3,"href":"https:\/\/bildvogt.eu\/wordpress\/wp-json\/wp\/v2\/posts\/346\/revisions"}],"predecessor-version":[{"id":353,"href":"https:\/\/bildvogt.eu\/wordpress\/wp-json\/wp\/v2\/posts\/346\/revisions\/353"}],"wp:featuredmedia":[{"embeddable":true,"href":"https:\/\/bildvogt.eu\/wordpress\/wp-json\/wp\/v2\/media\/347"}],"wp:attachment":[{"href":"https:\/\/bildvogt.eu\/wordpress\/wp-json\/wp\/v2\/media?parent=346"}],"wp:term":[{"taxonomy":"category","embeddable":true,"href":"https:\/\/bildvogt.eu\/wordpress\/wp-json\/wp\/v2\/categories?post=346"},{"taxonomy":"post_tag","embeddable":true,"href":"https:\/\/bildvogt.eu\/wordpress\/wp-json\/wp\/v2\/tags?post=346"}],"curies":[{"name":"wp","href":"https:\/\/api.w.org\/{rel}","templated":true}]}}