{"id":342,"date":"2017-05-09T19:38:30","date_gmt":"2017-05-09T17:38:30","guid":{"rendered":"http:\/\/emvee.de\/wordpress\/?p=342"},"modified":"2017-05-09T19:38:30","modified_gmt":"2017-05-09T17:38:30","slug":"otto-donauhalle-ulm","status":"publish","type":"post","link":"https:\/\/bildvogt.eu\/wordpress\/2017\/05\/09\/otto-donauhalle-ulm\/","title":{"rendered":"Otto \/\/ Donauhalle Ulm"},"content":{"rendered":"<h2 class=\"article\"><\/h2>\n<div class=\"cmsArticle\">\n<p style=\"text-align: justify;\">Wenn es in der Donauhalle einen Englischkurs f\u00fcr Vollpfosten gibt und Kohlk\u00f6pfe ins Publikum fliegen, wenn mit \u201eFahnensignalen\u201c die umliegenden Orte ver\u00e4ppelt und bei \u201eGute Krabben, schlechte Krabben\u201c aus \u201eGuantanamera\u201c \u201eFischflossenflipflops\u201c werden, kann es nur eins bedeuten: <strong>OTTO<\/strong> ist wieder da! Mit seinem Programm \u201eHoldrio Again\u201c brachte er die gut gef\u00fcllte Halle fast schon im Sekundentakt zum Lachen.<\/p>\n<figure id=\"attachment_344\" aria-describedby=\"caption-attachment-344\" style=\"width: 600px\" class=\"wp-caption aligncenter\"><img loading=\"lazy\" decoding=\"async\" class=\"size-large wp-image-344\" src=\"http:\/\/emvee.de\/wordpress\/wp-content\/uploads\/2017\/05\/IMG3809-683x1024.jpg\" alt=\"Geboren um zu bl\u00f6deln: Otto\" width=\"600\" height=\"900\" srcset=\"https:\/\/bildvogt.eu\/wordpress\/wp-content\/uploads\/2017\/05\/IMG3809-683x1024.jpg 683w, https:\/\/bildvogt.eu\/wordpress\/wp-content\/uploads\/2017\/05\/IMG3809-200x300.jpg 200w, https:\/\/bildvogt.eu\/wordpress\/wp-content\/uploads\/2017\/05\/IMG3809-768x1152.jpg 768w, https:\/\/bildvogt.eu\/wordpress\/wp-content\/uploads\/2017\/05\/IMG3809-1240x1860.jpg 1240w, https:\/\/bildvogt.eu\/wordpress\/wp-content\/uploads\/2017\/05\/IMG3809-508x762.jpg 508w\" sizes=\"auto, (max-width: 600px) 100vw, 600px\" \/><figcaption id=\"caption-attachment-344\" class=\"wp-caption-text\">Geboren um zu bl\u00f6deln: Otto<\/figcaption><\/figure>\n<p style=\"text-align: justify;\">Der mittlerweile 69 Jahre\u00a0<del>alte<\/del> junggebliebene Ostfriese versteht es wie kein anderer, auch noch die \u00e4ltesten Witze und Kalauer neu zu verpacken und das Publikum jedes Mal von neuem zu begeistern, auch wenn Teile des Programms bereits mehrere Jahrzehnte zum Standardrepertoire geh\u00f6ren. So blieben auch die unvermeidlichen und immer lustigen \u201eH\u00e4nsel-und-Gretel\u201c-Adaptionen nicht aus \u2013 diesmal durften unter Anderem \u201eSirene\u201c Fischer, Herbert Gr\u00f6nemeyer und Max Giesinger dran glauben \u2013, genauso wie \u201eD\u00e4nen l\u00fcgen nicht\u201c, die Werbungen (diesmal musste vor allem Check24 herhalten) und eingangs schon erw\u00e4hnter Kurs \u201eEnglish for Followers \u2013\u00a0Englisch f\u00fcr Vollpfosten\u201c, bei dem aus dem iPhone Yvonne wird und Bluetooth Zahnfleischbluten bedeutet. Doch wer zu Otto geht, erwartet eben auch genau das. Das Publikum indes zeigte sich ziemlich schlagerfest, als Otto Hits von Andrea Berg, Andreas Gabalier und Udo J\u00fcrgens anstimmte. Sid aus der Animationsfilm-Reihe \u201eIce Age\u201c, dessen Rolle er synchronisieren durfte, durfte nat\u00fcrlich auch nicht fehlen, genauso wie seine legend\u00e4ren Zeichentrick-\u201eOttifanten\u201c. Relativ neu im Programm dagegen sind Bauer Achterdiek und mit \u201eOttos B\u00e4ckerei\u201c eine Persiflage auf die \u201eWeihnachtsb\u00e4ckerei\u201c von Rolf Zuckowski (\u201e\u2026da wird aus jedem Dreck ein Brei\u2026\u201c). Eine besonders tolle Aktion, die auch schon l\u00e4nger zum Programm geh\u00f6rt, ist, dass kurz vor der Pause Pl\u00fcsch-Ottifanten an die Kinder verschenkt werden. An einen Otto im Ruhestand ist gottseidank noch lange nicht zu denken \u2013\u00a0er hat nach drei Zugaben bereits versprochen (oder vielmehr angedroht), wieder nach Ulm zu kommen.<\/p>\n<\/div>\n","protected":false},"excerpt":{"rendered":"<p>Wenn es in der Donauhalle einen Englischkurs f\u00fcr Vollpfosten gibt und Kohlk\u00f6pfe ins Publikum fliegen, wenn mit \u201eFahnensignalen\u201c die umliegenden Orte ver\u00e4ppelt und bei \u201eGute Krabben, schlechte Krabben\u201c aus \u201eGuantanamera\u201c \u201eFischflossenflipflops\u201c werden, kann es nur eins bedeuten: OTTO ist wieder da! Mit seinem Programm \u201eHoldrio Again\u201c brachte er die gut gef\u00fcllte Halle fast schon im&#8230;<\/p>\n<p class=\"more-link-wrap\"><a href=\"https:\/\/bildvogt.eu\/wordpress\/2017\/05\/09\/otto-donauhalle-ulm\/\" class=\"more-link\">Weiterlesen<span class=\"screen-reader-text\"> &ldquo;Otto \/\/ Donauhalle Ulm&rdquo;<\/span> &raquo;<\/a><\/p>\n","protected":false},"author":1,"featured_media":343,"comment_status":"open","ping_status":"open","sticky":false,"template":"","format":"standard","meta":{"footnotes":""},"categories":[19,51],"tags":[137,148,227,226,224,225,26],"class_list":["post-342","post","type-post","status-publish","format-standard","has-post-thumbnail","hentry","category-konzertfotografie","category-ulm","tag-comedy","tag-donauhalle","tag-holdrio-again","tag-ostfriese","tag-otto","tag-otto-waalkes","tag-ulm"],"_links":{"self":[{"href":"https:\/\/bildvogt.eu\/wordpress\/wp-json\/wp\/v2\/posts\/342","targetHints":{"allow":["GET"]}}],"collection":[{"href":"https:\/\/bildvogt.eu\/wordpress\/wp-json\/wp\/v2\/posts"}],"about":[{"href":"https:\/\/bildvogt.eu\/wordpress\/wp-json\/wp\/v2\/types\/post"}],"author":[{"embeddable":true,"href":"https:\/\/bildvogt.eu\/wordpress\/wp-json\/wp\/v2\/users\/1"}],"replies":[{"embeddable":true,"href":"https:\/\/bildvogt.eu\/wordpress\/wp-json\/wp\/v2\/comments?post=342"}],"version-history":[{"count":1,"href":"https:\/\/bildvogt.eu\/wordpress\/wp-json\/wp\/v2\/posts\/342\/revisions"}],"predecessor-version":[{"id":345,"href":"https:\/\/bildvogt.eu\/wordpress\/wp-json\/wp\/v2\/posts\/342\/revisions\/345"}],"wp:featuredmedia":[{"embeddable":true,"href":"https:\/\/bildvogt.eu\/wordpress\/wp-json\/wp\/v2\/media\/343"}],"wp:attachment":[{"href":"https:\/\/bildvogt.eu\/wordpress\/wp-json\/wp\/v2\/media?parent=342"}],"wp:term":[{"taxonomy":"category","embeddable":true,"href":"https:\/\/bildvogt.eu\/wordpress\/wp-json\/wp\/v2\/categories?post=342"},{"taxonomy":"post_tag","embeddable":true,"href":"https:\/\/bildvogt.eu\/wordpress\/wp-json\/wp\/v2\/tags?post=342"}],"curies":[{"name":"wp","href":"https:\/\/api.w.org\/{rel}","templated":true}]}}