{"id":259,"date":"2017-01-22T18:16:27","date_gmt":"2017-01-22T17:16:27","guid":{"rendered":"http:\/\/emvee.de\/wordpress\/?p=259"},"modified":"2017-01-22T18:18:54","modified_gmt":"2017-01-22T17:18:54","slug":"bundesfestung-ulm-das-blaubeurer-tor","status":"publish","type":"post","link":"https:\/\/bildvogt.eu\/wordpress\/2017\/01\/22\/bundesfestung-ulm-das-blaubeurer-tor\/","title":{"rendered":"Bundesfestung Ulm: Das Blaubeurer Tor"},"content":{"rendered":"<p style=\"text-align: justify;\">Es ergab sich wieder einmal die seltene Gelegenheit, sich ein Festungswerk der Bundesfestung Ulm\/Neu-Ulm etwas n\u00e4her anzusehen, als es normal der Fall ist. Heute stand das Blaubeurer Tor auf dem Programm. Es geh\u00f6rt zu den wenigen Festungswerken, die so gut wie jeder Ulmer kennen d\u00fcrfte, und sei es nur wegen dem Ringverkehr um das Tor herum, auf dem es beinahe t\u00e4glich kracht.<\/p>\n<p style=\"text-align: justify;\">Das dem romanischen Stil nachempfundenen \u2013 und damit in der Festung aus der Rolle fallenden \u2013 Tor wurde zwischen 1848 und 1852 als Teil der Courtine VI gebaut, diese war ein Teil des inneren Festungsg\u00fcrtels, genauer gesagt der Oberen Stadtfront, die die Donau mit dem Michelsberg verbindet. N\u00f6rdlich und s\u00fcdlich des Tors schloss sich einst die Escarpenmauer an, von der heute nur noch sehr wenig vorhanden ist. Westlich des heute noch erhaltenen (inneren) Tors lag ein Wallschild, das &#8222;Ravelin VII&#8220;, das auch das Mittlere und das \u00c4u\u00dfere Tor samt Wachkasematten,\u00a0Blockhaus und Gesch\u00fctzstellungen enthielt.<\/p>\n<figure id=\"attachment_260\" aria-describedby=\"caption-attachment-260\" style=\"width: 600px\" class=\"wp-caption aligncenter\"><img loading=\"lazy\" decoding=\"async\" class=\"size-large wp-image-260\" src=\"http:\/\/emvee.de\/wordpress\/wp-content\/uploads\/2017\/01\/IMG5633-1024x683.jpg\" alt=\"Gew\u00f6lbe im s\u00fcdlichen Torturm\" width=\"600\" height=\"400\" srcset=\"https:\/\/bildvogt.eu\/wordpress\/wp-content\/uploads\/2017\/01\/IMG5633-1024x683.jpg 1024w, https:\/\/bildvogt.eu\/wordpress\/wp-content\/uploads\/2017\/01\/IMG5633-300x200.jpg 300w, https:\/\/bildvogt.eu\/wordpress\/wp-content\/uploads\/2017\/01\/IMG5633-768x512.jpg 768w, https:\/\/bildvogt.eu\/wordpress\/wp-content\/uploads\/2017\/01\/IMG5633-1240x827.jpg 1240w, https:\/\/bildvogt.eu\/wordpress\/wp-content\/uploads\/2017\/01\/IMG5633-508x339.jpg 508w\" sizes=\"auto, (max-width: 600px) 100vw, 600px\" \/><figcaption id=\"caption-attachment-260\" class=\"wp-caption-text\">Gew\u00f6lbe im s\u00fcdlichen Torturm<\/figcaption><\/figure>\n<p style=\"text-align: justify;\">Ab 1899 wurde die mittlerweile obsolet gewordene Stadtumwallung von der Stadt Ulm aufgekauft, das Tor blieb aber noch in der Hand der Milit\u00e4rverwaltung. Denn im n\u00f6rdlichen Torturm befand sich ein f\u00fcnfzig Meter tiefer Brunnen, der auch die Forts auf dem Eselsberg mit frischem Wasser versorgte. Erst mit dem Bau der Pumpstation Lehrer Tal um 1908 wurde die Wasserversorgung anderweitig sichergestellt und das Tor fiel in die H\u00e4nde der Stadt. Die Mauern und das Ravelin wurden bereits abgetragen, und das Tor stand nun als Solit\u00e4r da, diente aber nach wie vor als Durchfahrt.<\/p>\n<figure id=\"attachment_261\" aria-describedby=\"caption-attachment-261\" style=\"width: 600px\" class=\"wp-caption aligncenter\"><img loading=\"lazy\" decoding=\"async\" class=\"size-large wp-image-261\" src=\"http:\/\/emvee.de\/wordpress\/wp-content\/uploads\/2017\/01\/IMG5612-1024x683.jpg\" alt=\"Luftschutzraum\" width=\"600\" height=\"400\" srcset=\"https:\/\/bildvogt.eu\/wordpress\/wp-content\/uploads\/2017\/01\/IMG5612-1024x683.jpg 1024w, https:\/\/bildvogt.eu\/wordpress\/wp-content\/uploads\/2017\/01\/IMG5612-300x200.jpg 300w, https:\/\/bildvogt.eu\/wordpress\/wp-content\/uploads\/2017\/01\/IMG5612-768x512.jpg 768w, https:\/\/bildvogt.eu\/wordpress\/wp-content\/uploads\/2017\/01\/IMG5612-1240x827.jpg 1240w, https:\/\/bildvogt.eu\/wordpress\/wp-content\/uploads\/2017\/01\/IMG5612-508x339.jpg 508w\" sizes=\"auto, (max-width: 600px) 100vw, 600px\" \/><figcaption id=\"caption-attachment-261\" class=\"wp-caption-text\">Notabort des Luftschutzraums im n\u00f6rdlichen Torturm<\/figcaption><\/figure>\n<p style=\"text-align: justify;\">Anfang der 1960er Jahre, als der Verkehr immer dichter wurde, wurde um das Tor ein Ringverkehr angelegt, von dem die Blaubeurer Stra\u00dfe in Richtung Westen, der Hindenburgring in Richtung S\u00fcden und die Ludwig-Erhard-Br\u00fccke in Richtung Osten f\u00fchrten. Das f\u00fchrte dazu, dass das markante Tor inmitten dieses Rings weithin sichtbar stand. Die Besch\u00e4digungen durch den Zweiten Weltkrieg waren dem Tor auch noch anzusehen, unter anderem fehlten an beiden T\u00fcrmen einige der Zinnen. Ende der 1960er Jahre sollte das Tor abgerissen werden, um Platz f\u00fcr die neue\u00a0Autobahn A80 zu machen. Dies wurde jedoch von\u00a0Ulmer B\u00fcrgern und Denkmalpflegern erfolgreich verhindert, wenngleich das Tor auf der Stadtseite doch um ein Drittel seiner H\u00f6he verringert wurde, damit man ab 1971 eine Br\u00fccke dar\u00fcber legen konnte. Aus der geplanten A80 wurde dann Anfang der 1980er Jahre mit der Reform des Bundesverkehrswegeplans die Bundesstra\u00dfe 28 bzw. 10.<\/p>\n<figure id=\"attachment_262\" aria-describedby=\"caption-attachment-262\" style=\"width: 600px\" class=\"wp-caption aligncenter\"><img loading=\"lazy\" decoding=\"async\" class=\"size-large wp-image-262\" src=\"http:\/\/emvee.de\/wordpress\/wp-content\/uploads\/2017\/01\/IMG5649-683x1024.jpg\" alt=\"Durchfahrt\" width=\"600\" height=\"900\" srcset=\"https:\/\/bildvogt.eu\/wordpress\/wp-content\/uploads\/2017\/01\/IMG5649-683x1024.jpg 683w, https:\/\/bildvogt.eu\/wordpress\/wp-content\/uploads\/2017\/01\/IMG5649-200x300.jpg 200w, https:\/\/bildvogt.eu\/wordpress\/wp-content\/uploads\/2017\/01\/IMG5649-768x1152.jpg 768w, https:\/\/bildvogt.eu\/wordpress\/wp-content\/uploads\/2017\/01\/IMG5649-1240x1860.jpg 1240w, https:\/\/bildvogt.eu\/wordpress\/wp-content\/uploads\/2017\/01\/IMG5649-508x762.jpg 508w\" sizes=\"auto, (max-width: 600px) 100vw, 600px\" \/><figcaption id=\"caption-attachment-262\" class=\"wp-caption-text\">Gew\u00f6lbe zwischen den Durchfahrten<\/figcaption><\/figure>\n<p style=\"text-align: justify;\">Heute steht das Tor nicht mehr so weithin sichtbar da, es versteckt sich etwas hinter den B\u00fcschen, die mit der Zeit am Blaubeurer Ring entstanden sind. Obdachlose benutzen es als Schlafst\u00e4tte, leider findet man auch immer wieder Graffiti an den Mauern. Rundherum f\u00fchren Fu\u00dfg\u00e4nger- und Radwege, der Festungsweg f\u00fchrt am Tor direkt vorbei, an einer Infostele wird der Spazierg\u00e4nger auch \u00fcber die Geschichte des Tors und der Festung informiert.<\/p>\n<figure id=\"attachment_264\" aria-describedby=\"caption-attachment-264\" style=\"width: 600px\" class=\"wp-caption aligncenter\"><img loading=\"lazy\" decoding=\"async\" class=\"size-large wp-image-264\" src=\"http:\/\/emvee.de\/wordpress\/wp-content\/uploads\/2017\/01\/IMG5662-683x1024.jpg\" alt=\"Blaubeurer Tor\" width=\"600\" height=\"900\" srcset=\"https:\/\/bildvogt.eu\/wordpress\/wp-content\/uploads\/2017\/01\/IMG5662-683x1024.jpg 683w, https:\/\/bildvogt.eu\/wordpress\/wp-content\/uploads\/2017\/01\/IMG5662-200x300.jpg 200w, https:\/\/bildvogt.eu\/wordpress\/wp-content\/uploads\/2017\/01\/IMG5662-768x1152.jpg 768w, https:\/\/bildvogt.eu\/wordpress\/wp-content\/uploads\/2017\/01\/IMG5662-1240x1860.jpg 1240w, https:\/\/bildvogt.eu\/wordpress\/wp-content\/uploads\/2017\/01\/IMG5662-508x762.jpg 508w\" sizes=\"auto, (max-width: 600px) 100vw, 600px\" \/><figcaption id=\"caption-attachment-264\" class=\"wp-caption-text\">Das Tor von Norden aus gesehen \u2013\u00a0leider hatte Ulm wie so oft heute dichten Nebel&#8230;<\/figcaption><\/figure>\n","protected":false},"excerpt":{"rendered":"<p>Es ergab sich wieder einmal die seltene Gelegenheit, sich ein Festungswerk der Bundesfestung Ulm\/Neu-Ulm etwas n\u00e4her anzusehen, als es normal der Fall ist. Heute stand das Blaubeurer Tor auf dem Programm. Es geh\u00f6rt zu den wenigen Festungswerken, die so gut wie jeder Ulmer kennen d\u00fcrfte, und sei es nur wegen dem Ringverkehr um das Tor&#8230;<\/p>\n<p class=\"more-link-wrap\"><a href=\"https:\/\/bildvogt.eu\/wordpress\/2017\/01\/22\/bundesfestung-ulm-das-blaubeurer-tor\/\" class=\"more-link\">Weiterlesen<span class=\"screen-reader-text\"> &ldquo;Bundesfestung Ulm: Das Blaubeurer Tor&rdquo;<\/span> &raquo;<\/a><\/p>\n","protected":false},"author":1,"featured_media":263,"comment_status":"open","ping_status":"open","sticky":false,"template":"","format":"standard","meta":{"footnotes":""},"categories":[31,30,51],"tags":[34,171,33,172,55,173,32,174,35,170,26],"class_list":["post-259","post","type-post","status-publish","format-standard","has-post-thumbnail","hentry","category-architektur","category-bundesfestung-ulm","category-ulm","tag-architektur","tag-blaubeurer-tor","tag-bundesfestung-ulm","tag-courtine-vi","tag-denkmal","tag-deutscher-bund","tag-festung","tag-geschichte","tag-militaer","tag-tor","tag-ulm"],"_links":{"self":[{"href":"https:\/\/bildvogt.eu\/wordpress\/wp-json\/wp\/v2\/posts\/259","targetHints":{"allow":["GET"]}}],"collection":[{"href":"https:\/\/bildvogt.eu\/wordpress\/wp-json\/wp\/v2\/posts"}],"about":[{"href":"https:\/\/bildvogt.eu\/wordpress\/wp-json\/wp\/v2\/types\/post"}],"author":[{"embeddable":true,"href":"https:\/\/bildvogt.eu\/wordpress\/wp-json\/wp\/v2\/users\/1"}],"replies":[{"embeddable":true,"href":"https:\/\/bildvogt.eu\/wordpress\/wp-json\/wp\/v2\/comments?post=259"}],"version-history":[{"count":2,"href":"https:\/\/bildvogt.eu\/wordpress\/wp-json\/wp\/v2\/posts\/259\/revisions"}],"predecessor-version":[{"id":266,"href":"https:\/\/bildvogt.eu\/wordpress\/wp-json\/wp\/v2\/posts\/259\/revisions\/266"}],"wp:featuredmedia":[{"embeddable":true,"href":"https:\/\/bildvogt.eu\/wordpress\/wp-json\/wp\/v2\/media\/263"}],"wp:attachment":[{"href":"https:\/\/bildvogt.eu\/wordpress\/wp-json\/wp\/v2\/media?parent=259"}],"wp:term":[{"taxonomy":"category","embeddable":true,"href":"https:\/\/bildvogt.eu\/wordpress\/wp-json\/wp\/v2\/categories?post=259"},{"taxonomy":"post_tag","embeddable":true,"href":"https:\/\/bildvogt.eu\/wordpress\/wp-json\/wp\/v2\/tags?post=259"}],"curies":[{"name":"wp","href":"https:\/\/api.w.org\/{rel}","templated":true}]}}