{"id":231,"date":"2016-12-15T18:51:49","date_gmt":"2016-12-15T17:51:49","guid":{"rendered":"http:\/\/emvee.de\/wordpress\/?p=231"},"modified":"2016-12-15T18:51:49","modified_gmt":"2016-12-15T17:51:49","slug":"yasi-hofer-kaminwerk","status":"publish","type":"post","link":"https:\/\/bildvogt.eu\/wordpress\/2016\/12\/15\/yasi-hofer-kaminwerk\/","title":{"rendered":"Yasi Hofer \/\/ Kaminwerk"},"content":{"rendered":"<p style=\"text-align: justify;\">Fast drei Jahre nach ihrem Deb\u00fctalbum, das sie seinerzeit im Ulmer Roxy vor 600 Fans vorstellte, war es jetzt wieder soweit: Yasi Hofer &amp; Band luden zur Premiere des zweiten Albums <strong>&#8222;Faith<\/strong>&#8220; ein, diesmal fand die Party im Kaminwerk in Memmingen statt.<\/p>\n<figure id=\"attachment_233\" aria-describedby=\"caption-attachment-233\" style=\"width: 600px\" class=\"wp-caption aligncenter\"><img loading=\"lazy\" decoding=\"async\" class=\"size-large wp-image-233\" src=\"http:\/\/emvee.de\/wordpress\/wp-content\/uploads\/2016\/12\/IMGP3784-678x1024.jpg\" alt=\"Yasi Hofer\" width=\"600\" height=\"906\" srcset=\"https:\/\/bildvogt.eu\/wordpress\/wp-content\/uploads\/2016\/12\/IMGP3784-678x1024.jpg 678w, https:\/\/bildvogt.eu\/wordpress\/wp-content\/uploads\/2016\/12\/IMGP3784-199x300.jpg 199w, https:\/\/bildvogt.eu\/wordpress\/wp-content\/uploads\/2016\/12\/IMGP3784-768x1160.jpg 768w, https:\/\/bildvogt.eu\/wordpress\/wp-content\/uploads\/2016\/12\/IMGP3784-1240x1872.jpg 1240w, https:\/\/bildvogt.eu\/wordpress\/wp-content\/uploads\/2016\/12\/IMGP3784-508x767.jpg 508w\" sizes=\"auto, (max-width: 600px) 100vw, 600px\" \/><figcaption id=\"caption-attachment-233\" class=\"wp-caption-text\">Bassist Steffen Knauss<\/figcaption><\/figure>\n<p style=\"text-align: justify;\">Zu Beginn gab es allerdings erst mal eine schlechte Nachricht f\u00fcr die Besucher im gut gef\u00fcllten Kaminwerk: Musikerin phoeNic, die den Abend er\u00f6ffnen sollte, ist erkrankt und kann nicht auftreten. F\u00fcr Yasi Hofer, die als Ausnahmetalent an der E-Gitarre gilt, und ihre Band aber kein Problem \u2013\u00a0\u201ewir spielen einfach etwas l\u00e4nger\u201c.\u00a0Mit \u201eNamaste\u201c vom neuen Album wurde der Abend dann er\u00f6ffnet. W\u00e4hrend der n\u00e4chsten zwei Stunden spielte die Band zumeist neue Songs, aber auch bekannte St\u00fccke wie \u201eSweet Autumn\u201c oder \u201eSociety\u201c fanden ihren Weg auf die Setlist \u2013 das Publikum \u2013 darunter auch etliche Zuh\u00f6rer, die gekommen waren, ohne zu wissen, was sie eigentlich erwartet \u2013 war sichtlich begeistert. Zwischendurch holte die Band auch Bassistin Katja Stoffels auf die B\u00fchne. Und auch Yasis neue Gitarre, eine Spezialanfertigung mit sieben Saiten aus dem Hause Suhr, kam bei der Premiere erstmals live zum Einsatz. Zum Schluss gab es die Coverversionen \u201eWho Knows\u201c (Jimi Hendrix) und \u2013\u00a0als letzten Song \u2013\u00a0\u201eRocking in a Free World\u201c (Neil Young) zu h\u00f6ren, welche vom Publikum begeistert mitgesungen und mitgefeiert wurden.<\/p>\n<p style=\"text-align: justify;\">Wer die Release-Party besucht hat, konnte sich freuen: Die CD gab es dort schon \u00fcber einen Monat vor dem offiziellen Release zu kaufen. Die CD \u201eFaith\u201c, die durchaus h\u00e4rter und geradliniger als ihr Vorg\u00e4nger daherkommt, erscheint am 13. Januar 2017 und kann ab sofort auf <strong><a href=\"http:\/\/www.yasihofer.com\/\" target=\"_blank\">www.yasihofer.com<\/a><\/strong> vorbestellt werden.<\/p>\n<p>Weiter Bilder vom Konzert findet ihr bei\u00a0<strong><a href=\"http:\/\/www.team-ulm.de\/Fotos\/Kaminwerk_MM\/09-12-2016\/9343\/\" target=\"_blank\">Team-Ulm<\/a>.<\/strong><\/p>\n<p style=\"text-align: justify;\"><em><strong>Info Yasi Hofer<\/strong><br \/>\n<\/em>Die geb\u00fcrtige Ulmerin begann im Alter von zw\u00f6lf Jahren mit dem Gitarrenspiel und wurde bald von ihrem Gitarrenlehrer dem New Yorker \u201eStuntgitarristen\u201c Steve Vai vorgestellt, der f\u00fcr sie zum musikalischen Vorbild wurde und mit dem sie in der Zwischenzeit auch schon \u00f6fter die B\u00fchne teilen durfte. Es folgte t\u00e4gliches, stundenlanges \u00dcben an der Gitarre, vor allem zu Songs von Vai, und Millionen Klicks auf Youtube. Mit 15 brach sie die Schule ab und studierte Musik an der Musikhochschule Stuttgart und sp\u00e4ter am international renommierten Berklee College of Music in Boston. Ihr erstes Album \u201eYasi\u201c erschien im Jahr 2014. Privat engagiert sich die vegan lebende K\u00fcnstlerin leidenschaftlich im Tierschutz.<\/p>\n<figure id=\"attachment_234\" aria-describedby=\"caption-attachment-234\" style=\"width: 600px\" class=\"wp-caption aligncenter\"><img loading=\"lazy\" decoding=\"async\" class=\"size-large wp-image-234\" src=\"http:\/\/emvee.de\/wordpress\/wp-content\/uploads\/2016\/12\/IMGP3885-1024x678.jpg\" alt=\"Yasi Hofer\" width=\"600\" height=\"397\" srcset=\"https:\/\/bildvogt.eu\/wordpress\/wp-content\/uploads\/2016\/12\/IMGP3885-1024x678.jpg 1024w, https:\/\/bildvogt.eu\/wordpress\/wp-content\/uploads\/2016\/12\/IMGP3885-300x199.jpg 300w, https:\/\/bildvogt.eu\/wordpress\/wp-content\/uploads\/2016\/12\/IMGP3885-768x509.jpg 768w, https:\/\/bildvogt.eu\/wordpress\/wp-content\/uploads\/2016\/12\/IMGP3885-1240x821.jpg 1240w, https:\/\/bildvogt.eu\/wordpress\/wp-content\/uploads\/2016\/12\/IMGP3885-508x336.jpg 508w\" sizes=\"auto, (max-width: 600px) 100vw, 600px\" \/><figcaption id=\"caption-attachment-234\" class=\"wp-caption-text\">Yasi Hofer<\/figcaption><\/figure>\n<p><strong>Yasi Hofer und Band sind:<\/strong><\/p>\n<p>Yasi Hofer (Gitarre, Gesang)<br \/>\nChristoph Scherer (Schlagzeug)<br \/>\nSteffen Knauss (Bass)<br \/>\nSimon Bamberger (Keyboard, Gesang)<br \/>\nSpecial Guest: Katja Stoffels am Bass<\/p>\n<p><strong>Setlist des Abends: <em>(* = vom neuen Album)<\/em><\/strong><\/p>\n<p>Namaste *<br \/>\nCosmic Stars *<br \/>\nFeeling Zany *<br \/>\nTender Storms *<br \/>\nEclipsed *<br \/>\nCrossfire *<br \/>\nSociety<br \/>\nSweet Autumn<br \/>\nPainting My Own World *<br \/>\nSpiritual Groove<br \/>\nClouds *<br \/>\nCome Out To Me *<br \/>\nFaith *<br \/>\nFlying High *<br \/>\nLiar *<br \/>\nTroubled<br \/>\nWho Knows (Jimi Hendrix Cover)<br \/>\nRocking in a Free World (Neil Young Cover)<\/p>\n","protected":false},"excerpt":{"rendered":"<p>Fast drei Jahre nach ihrem Deb\u00fctalbum, das sie seinerzeit im Ulmer Roxy vor 600 Fans vorstellte, war es jetzt wieder soweit: Yasi Hofer &amp; Band luden zur Premiere des zweiten Albums &#8222;Faith&#8220; ein, diesmal fand die Party im Kaminwerk in Memmingen statt. Zu Beginn gab es allerdings erst mal eine schlechte Nachricht f\u00fcr die Besucher&#8230;<\/p>\n<p class=\"more-link-wrap\"><a href=\"https:\/\/bildvogt.eu\/wordpress\/2016\/12\/15\/yasi-hofer-kaminwerk\/\" class=\"more-link\">Weiterlesen<span class=\"screen-reader-text\"> &ldquo;Yasi Hofer \/\/ Kaminwerk&rdquo;<\/span> &raquo;<\/a><\/p>\n","protected":false},"author":1,"featured_media":232,"comment_status":"open","ping_status":"open","sticky":false,"template":"","format":"standard","meta":{"footnotes":""},"categories":[1],"tags":[139,154,114,74,36,20,21,28,27,23,121,111],"class_list":["post-231","post","type-post","status-publish","format-standard","has-post-thumbnail","hentry","category-allgemein","tag-buehne","tag-faith","tag-fusion-rock","tag-gig","tag-gitarre","tag-konzert","tag-konzertfotografie","tag-live","tag-musik","tag-rock","tag-stage","tag-yasi-hofer"],"_links":{"self":[{"href":"https:\/\/bildvogt.eu\/wordpress\/wp-json\/wp\/v2\/posts\/231","targetHints":{"allow":["GET"]}}],"collection":[{"href":"https:\/\/bildvogt.eu\/wordpress\/wp-json\/wp\/v2\/posts"}],"about":[{"href":"https:\/\/bildvogt.eu\/wordpress\/wp-json\/wp\/v2\/types\/post"}],"author":[{"embeddable":true,"href":"https:\/\/bildvogt.eu\/wordpress\/wp-json\/wp\/v2\/users\/1"}],"replies":[{"embeddable":true,"href":"https:\/\/bildvogt.eu\/wordpress\/wp-json\/wp\/v2\/comments?post=231"}],"version-history":[{"count":1,"href":"https:\/\/bildvogt.eu\/wordpress\/wp-json\/wp\/v2\/posts\/231\/revisions"}],"predecessor-version":[{"id":235,"href":"https:\/\/bildvogt.eu\/wordpress\/wp-json\/wp\/v2\/posts\/231\/revisions\/235"}],"wp:featuredmedia":[{"embeddable":true,"href":"https:\/\/bildvogt.eu\/wordpress\/wp-json\/wp\/v2\/media\/232"}],"wp:attachment":[{"href":"https:\/\/bildvogt.eu\/wordpress\/wp-json\/wp\/v2\/media?parent=231"}],"wp:term":[{"taxonomy":"category","embeddable":true,"href":"https:\/\/bildvogt.eu\/wordpress\/wp-json\/wp\/v2\/categories?post=231"},{"taxonomy":"post_tag","embeddable":true,"href":"https:\/\/bildvogt.eu\/wordpress\/wp-json\/wp\/v2\/tags?post=231"}],"curies":[{"name":"wp","href":"https:\/\/api.w.org\/{rel}","templated":true}]}}