{"id":203,"date":"2016-11-07T00:11:22","date_gmt":"2016-11-06T23:11:22","guid":{"rendered":"http:\/\/emvee.de\/wordpress\/?p=203"},"modified":"2016-11-07T00:14:01","modified_gmt":"2016-11-06T23:14:01","slug":"tourblog-vol-ii-auf-den-spuren-des-deutschen-adels","status":"publish","type":"post","link":"https:\/\/bildvogt.eu\/wordpress\/2016\/11\/07\/tourblog-vol-ii-auf-den-spuren-des-deutschen-adels\/","title":{"rendered":"Tourblog Vol. II \u2013\u00a0Auf den Spuren des deutschen Adels"},"content":{"rendered":"<p class=\"p1\" style=\"text-align: justify;\">Eigentlich wollten wir an Allerheiligen nach Ramsau im oberbayerischen Malerwinkel fahren. Eigentlich. Ein Blick auf die Webcam der Gemeinde am Vortag gen\u00fcgte aber, um das Vorhaben abzublasen \u2013\u00a0der Herbst ist hier nicht nur ein-, sondern schon l\u00e4ngst durchgezogen: die Bl\u00e4tter schon unten, die B\u00e4ume kahl, der ganze Zauber schon vorbei. Also musste ein Ersatz her, da das Wetter f\u00fcr die vermutlich letzte gr\u00f6\u00dfere Tour 2016 doch ziemlich gut zu werden versprach. Die Wahl fiel schlie\u00dflich auf das Schloss Lichtenstein in W\u00fcrttemberg, unweit der Ortschaft Honau.<\/p>\n<p class=\"p1\" style=\"text-align: justify;\">Wir kamen um kurz vor halb elf an der Schlosspforte an und hatten Gl\u00fcck, denn in wenigen Minuten sollte die n\u00e4chste F\u00fchrung losgehen \u2013Eintritt mit F\u00fchrung ins Schloss kostet \u00fcbrigens 7 \u20ac. Um halb elf begr\u00fc\u00dfte uns dann die F\u00fchrerin Pauline an der Zugbr\u00fccke. Im Verlauf der F\u00fchrung erfuhr man dann, dass die Burg Lichtenstein bereits im 12. Jahrhundert entstand, sp\u00e4ter auf die Burg ein Haus aufgebaut wurde, dieses im 19. Jahrhundert dann wieder abgetragen wurde. Da der Schlossherr und Mittelalterbegeisterte Wilhelm Graf von W\u00fcrttemberg vom Roman \u201eLichtenstein\u201c von Wilhelm Hauff aus dem Jahr 1826 fasziniert war und dieser auf einem fiktiven Schloss Lichtenstein spielte, das aber auf die real existierende Burg Bezug nahm, entschloss er sich, dieses Schloss in die Wirklichkeit umzusetzen \u2013\u00a0so entstand schlie\u00dflich zwischen 1840 und 1842 das \u201eW\u00fcrttembergische M\u00e4rchenschloss\u201c. Im Inneren des Schlosses gab es dann unter anderem verschiedene Gem\u00e4lde, R\u00fcstungen, Waffen und in der Trinkstube auch ein 1,93 m hohes Champagnerglas zu sehen. Nach der halbst\u00fcndigen F\u00fchrung konnten wir uns noch ein wenig im Schlosshof umsehen und die Aussicht \u00fcber Honau, Lichtenstein und das Echaztal genie\u00dfen.<\/p>\n<figure id=\"attachment_207\" aria-describedby=\"caption-attachment-207\" style=\"width: 600px\" class=\"wp-caption aligncenter\"><img loading=\"lazy\" decoding=\"async\" class=\"size-large wp-image-207\" src=\"http:\/\/emvee.de\/wordpress\/wp-content\/uploads\/2016\/11\/Honau-\u2013-Ansicht-von-Schloss-Lichtenstein-1024x678.jpg\" alt=\"Echaztal\" width=\"600\" height=\"397\" srcset=\"https:\/\/bildvogt.eu\/wordpress\/wp-content\/uploads\/2016\/11\/Honau-\u2013-Ansicht-von-Schloss-Lichtenstein-1024x678.jpg 1024w, https:\/\/bildvogt.eu\/wordpress\/wp-content\/uploads\/2016\/11\/Honau-\u2013-Ansicht-von-Schloss-Lichtenstein-300x199.jpg 300w, https:\/\/bildvogt.eu\/wordpress\/wp-content\/uploads\/2016\/11\/Honau-\u2013-Ansicht-von-Schloss-Lichtenstein-768x509.jpg 768w, https:\/\/bildvogt.eu\/wordpress\/wp-content\/uploads\/2016\/11\/Honau-\u2013-Ansicht-von-Schloss-Lichtenstein-1240x821.jpg 1240w, https:\/\/bildvogt.eu\/wordpress\/wp-content\/uploads\/2016\/11\/Honau-\u2013-Ansicht-von-Schloss-Lichtenstein-508x336.jpg 508w\" sizes=\"auto, (max-width: 600px) 100vw, 600px\" \/><figcaption id=\"caption-attachment-207\" class=\"wp-caption-text\">Aussicht auf das Echaztal von Schloss Lichtenstein<\/figcaption><\/figure>\n<p class=\"p1\" style=\"text-align: justify;\">Wie in Schl\u00f6ssern und Museen meistens \u00fcblich, ist das Fotografieren und Filmen in den Innenr\u00e4umen leider verboten, daher hier nur Bilder der Au\u00dfenanlagen und der Landschaften.<\/p>\n<figure id=\"attachment_204\" aria-describedby=\"caption-attachment-204\" style=\"width: 600px\" class=\"wp-caption aligncenter\"><img loading=\"lazy\" decoding=\"async\" class=\"size-large wp-image-204\" src=\"http:\/\/emvee.de\/wordpress\/wp-content\/uploads\/2016\/11\/Honau-\u2013-Schloss-Lichtenstein-7-678x1024.jpg\" alt=\"Schloss Lichtenstein\" width=\"600\" height=\"906\" srcset=\"https:\/\/bildvogt.eu\/wordpress\/wp-content\/uploads\/2016\/11\/Honau-\u2013-Schloss-Lichtenstein-7-678x1024.jpg 678w, https:\/\/bildvogt.eu\/wordpress\/wp-content\/uploads\/2016\/11\/Honau-\u2013-Schloss-Lichtenstein-7-199x300.jpg 199w, https:\/\/bildvogt.eu\/wordpress\/wp-content\/uploads\/2016\/11\/Honau-\u2013-Schloss-Lichtenstein-7-768x1159.jpg 768w, https:\/\/bildvogt.eu\/wordpress\/wp-content\/uploads\/2016\/11\/Honau-\u2013-Schloss-Lichtenstein-7-1240x1872.jpg 1240w, https:\/\/bildvogt.eu\/wordpress\/wp-content\/uploads\/2016\/11\/Honau-\u2013-Schloss-Lichtenstein-7-508x767.jpg 508w\" sizes=\"auto, (max-width: 600px) 100vw, 600px\" \/><figcaption id=\"caption-attachment-204\" class=\"wp-caption-text\">Schloss Lichtenstein<\/figcaption><\/figure>\n<p class=\"p1\" style=\"text-align: justify;\">Weiter ging es dann \u00fcber die Landstra\u00dfe nach Sigmaringen, wo wir dann das im Vergleich zu Lichtenstein riesige Hohenzollernschloss besichtigten. Bei dieser F\u00fchrung (\u20ac 9,50)\u00a0erfuhren wir auch mehr \u00fcber das F\u00fcrstenhaus Hohenzollern-Sigmaringen, aus deren Linie unter anderem auch die rum\u00e4nischen K\u00f6nige zwischen 1866 und 1947 stammen. Das F\u00fcrstentum selbst bestand zwischen 1623 und 1849, als es im Land Preu\u00dfen aufging, welches durch die brandenburgische Linie des Hauses Hohenzollern regiert wurde. Das Schloss selbst wurde in seiner \u00fcber 900-j\u00e4hrigen Geschichte mehrfach umgestaltet. 1077 wurde die Burg Sigmaringen erstmals durch Herzog Rudolf von Schwaben erw\u00e4hnt und geh\u00f6rte der Familie von Sigmaringen-Spitzenberg, 1272 gelangte Sigmaringen an die Grafschaft Montfort, welche sie 1290 an das Haus Habsburg verkaufte. 1325 verpf\u00e4ndete Luipold von Habsburg die Burg an den Grafen von W\u00fcrttemberg, weiter gelangte Sigmaringen 1399 zu Werdenberg, unter denen die Burg im 15. Jahrhundert zum Schloss Sigmaringen umgebaut wurde. 1535 gelangte das Schloss schlie\u00dflich in den Besitz der Hohenzollern. Das Schloss\u00a0brannte mehrmals: vor 1530 im Badhaus, 1539 ein weiteres Mal, 1633 im Drei\u00dfigj\u00e4hrigen Krieg nach der R\u00fcckeroberung von den Schweden und zuletzt 1893 beim Verlegen der Stromleitungen. Die heutige Gestalt des Schlosses geht auf einen Umbau Anfang des 20. Jahrhunderts zur\u00fcck. Das Schloss ist bis heute Stammsitz der Familie von Hohenzollern-Sigmaringen, Teile sind der \u00d6ffentlichkeit bei F\u00fchrungen und Veranstaltungen zug\u00e4nglich.<\/p>\n<p class=\"p1\" style=\"text-align: justify;\">So gingen wir durch das Atrium des Schlosses hinauf in das \u00fcberraschend modern eingerichtete Badezimmer der F\u00fcrstin \u2013 vor diesem gab es auch die Reste der Anfang des 20. Jahrhunderts eingebaute Klingelanlage zu sehen \u2013 durch das Ankleidezimmer und weiter durch andere R\u00e4ume, dann hinab in die hochsensibel gesicherte Waffenkammer, in der mit \u00fcber 3000 Waffen aller Art eine der gr\u00f6\u00dften privaten Sammlungen in Europa zu sehen ist.<\/p>\n<p class=\"p1\" style=\"text-align: justify;\">Auch hier gilt leider ein Fotografierverbot in den Innenr\u00e4umen, daher auch hier nur Bilder von den Au\u00dfenanlagen.<\/p>\n<figure id=\"attachment_205\" aria-describedby=\"caption-attachment-205\" style=\"width: 600px\" class=\"wp-caption aligncenter\"><img loading=\"lazy\" decoding=\"async\" class=\"size-large wp-image-205\" src=\"http:\/\/emvee.de\/wordpress\/wp-content\/uploads\/2016\/11\/Sigmaringen-\u2013-Hohenzollernschloss-3-1001x1024.jpg\" alt=\"Schloss Sigmaringen\" width=\"600\" height=\"614\" srcset=\"https:\/\/bildvogt.eu\/wordpress\/wp-content\/uploads\/2016\/11\/Sigmaringen-\u2013-Hohenzollernschloss-3-1001x1024.jpg 1001w, https:\/\/bildvogt.eu\/wordpress\/wp-content\/uploads\/2016\/11\/Sigmaringen-\u2013-Hohenzollernschloss-3-293x300.jpg 293w, https:\/\/bildvogt.eu\/wordpress\/wp-content\/uploads\/2016\/11\/Sigmaringen-\u2013-Hohenzollernschloss-3-768x786.jpg 768w, https:\/\/bildvogt.eu\/wordpress\/wp-content\/uploads\/2016\/11\/Sigmaringen-\u2013-Hohenzollernschloss-3-1240x1268.jpg 1240w, https:\/\/bildvogt.eu\/wordpress\/wp-content\/uploads\/2016\/11\/Sigmaringen-\u2013-Hohenzollernschloss-3-508x520.jpg 508w\" sizes=\"auto, (max-width: 600px) 100vw, 600px\" \/><figcaption id=\"caption-attachment-205\" class=\"wp-caption-text\">Schloss Sigmaringen<\/figcaption><\/figure>\n<p class=\"p1\" style=\"text-align: justify;\">Nach einer kurzen (nennen wir es mal) St\u00e4rkung bei der \u201egoldenen M\u00f6we\u201c (kalte Pommes und ein halb voll mit Eisw\u00fcrfeln gef\u00fcllter Colabecher lassen gr\u00fc\u00dfen) und ein paar weiteren Fotos von der Nordseite des Schlosses vom M\u00fchlberg aus ging es dann wieder zur\u00fcck in die Heimat.<\/p>\n<figure id=\"attachment_206\" aria-describedby=\"caption-attachment-206\" style=\"width: 600px\" class=\"wp-caption aligncenter\"><img loading=\"lazy\" decoding=\"async\" class=\"size-large wp-image-206\" src=\"http:\/\/emvee.de\/wordpress\/wp-content\/uploads\/2016\/11\/Sigmaringen-\u2013-Hohenzollernschloss-1-1024x579.jpg\" alt=\"Schloss Sigmaringen\" width=\"600\" height=\"339\" srcset=\"https:\/\/bildvogt.eu\/wordpress\/wp-content\/uploads\/2016\/11\/Sigmaringen-\u2013-Hohenzollernschloss-1-1024x579.jpg 1024w, https:\/\/bildvogt.eu\/wordpress\/wp-content\/uploads\/2016\/11\/Sigmaringen-\u2013-Hohenzollernschloss-1-300x170.jpg 300w, https:\/\/bildvogt.eu\/wordpress\/wp-content\/uploads\/2016\/11\/Sigmaringen-\u2013-Hohenzollernschloss-1-768x434.jpg 768w, https:\/\/bildvogt.eu\/wordpress\/wp-content\/uploads\/2016\/11\/Sigmaringen-\u2013-Hohenzollernschloss-1-1240x701.jpg 1240w, https:\/\/bildvogt.eu\/wordpress\/wp-content\/uploads\/2016\/11\/Sigmaringen-\u2013-Hohenzollernschloss-1-508x287.jpg 508w\" sizes=\"auto, (max-width: 600px) 100vw, 600px\" \/><figcaption id=\"caption-attachment-206\" class=\"wp-caption-text\">Schloss Sigmaringen vom M\u00fchlberg aus gesehen<\/figcaption><\/figure>\n","protected":false},"excerpt":{"rendered":"<p>Eigentlich wollten wir an Allerheiligen nach Ramsau im oberbayerischen Malerwinkel fahren. Eigentlich. Ein Blick auf die Webcam der Gemeinde am Vortag gen\u00fcgte aber, um das Vorhaben abzublasen \u2013\u00a0der Herbst ist hier nicht nur ein-, sondern schon l\u00e4ngst durchgezogen: die Bl\u00e4tter schon unten, die B\u00e4ume kahl, der ganze Zauber schon vorbei. Also musste ein Ersatz her,&#8230;<\/p>\n<p class=\"more-link-wrap\"><a href=\"https:\/\/bildvogt.eu\/wordpress\/2016\/11\/07\/tourblog-vol-ii-auf-den-spuren-des-deutschen-adels\/\" class=\"more-link\">Weiterlesen<span class=\"screen-reader-text\"> &ldquo;Tourblog Vol. II \u2013\u00a0Auf den Spuren des deutschen Adels&rdquo;<\/span> &raquo;<\/a><\/p>\n","protected":false},"author":1,"featured_media":206,"comment_status":"open","ping_status":"open","sticky":false,"template":"","format":"standard","meta":{"footnotes":""},"categories":[31,49,50,48],"tags":[143,55,97,52,144,53,142,16,104,59,141,145],"class_list":["post-203","post","type-post","status-publish","format-standard","has-post-thumbnail","hentry","category-architektur","category-herbst","category-jahreszeit","category-landschaft","tag-burg","tag-denkmal","tag-fototour","tag-herbst","tag-hohenzollern","tag-landschaft","tag-lichtenstein","tag-natur","tag-schloss","tag-schwaben","tag-sigmaringen","tag-tourblog"],"_links":{"self":[{"href":"https:\/\/bildvogt.eu\/wordpress\/wp-json\/wp\/v2\/posts\/203","targetHints":{"allow":["GET"]}}],"collection":[{"href":"https:\/\/bildvogt.eu\/wordpress\/wp-json\/wp\/v2\/posts"}],"about":[{"href":"https:\/\/bildvogt.eu\/wordpress\/wp-json\/wp\/v2\/types\/post"}],"author":[{"embeddable":true,"href":"https:\/\/bildvogt.eu\/wordpress\/wp-json\/wp\/v2\/users\/1"}],"replies":[{"embeddable":true,"href":"https:\/\/bildvogt.eu\/wordpress\/wp-json\/wp\/v2\/comments?post=203"}],"version-history":[{"count":2,"href":"https:\/\/bildvogt.eu\/wordpress\/wp-json\/wp\/v2\/posts\/203\/revisions"}],"predecessor-version":[{"id":209,"href":"https:\/\/bildvogt.eu\/wordpress\/wp-json\/wp\/v2\/posts\/203\/revisions\/209"}],"wp:featuredmedia":[{"embeddable":true,"href":"https:\/\/bildvogt.eu\/wordpress\/wp-json\/wp\/v2\/media\/206"}],"wp:attachment":[{"href":"https:\/\/bildvogt.eu\/wordpress\/wp-json\/wp\/v2\/media?parent=203"}],"wp:term":[{"taxonomy":"category","embeddable":true,"href":"https:\/\/bildvogt.eu\/wordpress\/wp-json\/wp\/v2\/categories?post=203"},{"taxonomy":"post_tag","embeddable":true,"href":"https:\/\/bildvogt.eu\/wordpress\/wp-json\/wp\/v2\/tags?post=203"}],"curies":[{"name":"wp","href":"https:\/\/api.w.org\/{rel}","templated":true}]}}