{"id":176,"date":"2016-10-16T20:13:59","date_gmt":"2016-10-16T18:13:59","guid":{"rendered":"http:\/\/emvee.de\/wordpress\/?p=176"},"modified":"2016-11-06T23:37:26","modified_gmt":"2016-11-06T22:37:26","slug":"15-jahre-itchy-poopzkid","status":"publish","type":"post","link":"https:\/\/bildvogt.eu\/wordpress\/2016\/10\/16\/15-jahre-itchy-poopzkid\/","title":{"rendered":"15 Jahre ITCHY POOPZKID \/\/ Roxy Ulm"},"content":{"rendered":"<p style=\"text-align: justify;\">Gestern gabs was zu feiern: Die Eislinger Punkrockband <strong><a href=\"http:\/\/www.itchypoopzkid.de\" target=\"_blank\">Itchy Poopzkid<\/a><\/strong> feierte auf ihrer &#8222;Six&#8220;-Tour im ausverkauften Ulmer <strong><a href=\"http:\/\/www.roxy.ulm.de\" target=\"_blank\">Roxy<\/a><\/strong> ihr 15-J\u00e4hriges Bandjubil\u00e4um. Mitgefeiert haben neben 1200 Fans auch <strong><a href=\"http:\/\/www.jupiterjones.de\" target=\"_blank\">Jupiter Jones<\/a><\/strong> und der holl\u00e4ndische Akustikmusiker\u00a0<strong><a href=\"http:\/\/www.timvantol.com\" target=\"_blank\">Tim Vantol<\/a><\/strong>.<\/p>\n<p>Die gesamte Bildergalerie gibt es unter\u00a0<strong><a href=\"http:\/\/www.team-ulm.de\/Fotos\/Roxy\/15-10-2016\/9336\/\" target=\"_blank\" rel=\"nofollow\">http:\/\/www.team-ulm.de\/Fotos\/Roxy\/15-10-2016\/9336\/<\/a><\/strong><\/p>\n<figure id=\"attachment_177\" aria-describedby=\"caption-attachment-177\" style=\"width: 600px\" class=\"wp-caption aligncenter\"><img loading=\"lazy\" decoding=\"async\" class=\"size-large wp-image-177\" src=\"http:\/\/emvee.de\/wordpress\/wp-content\/uploads\/2016\/10\/IMGP9345-1024x678.jpg\" alt=\"Jupiter Jones\" width=\"600\" height=\"397\" srcset=\"https:\/\/bildvogt.eu\/wordpress\/wp-content\/uploads\/2016\/10\/IMGP9345-1024x678.jpg 1024w, https:\/\/bildvogt.eu\/wordpress\/wp-content\/uploads\/2016\/10\/IMGP9345-300x199.jpg 300w, https:\/\/bildvogt.eu\/wordpress\/wp-content\/uploads\/2016\/10\/IMGP9345-768x509.jpg 768w, https:\/\/bildvogt.eu\/wordpress\/wp-content\/uploads\/2016\/10\/IMGP9345-1240x821.jpg 1240w, https:\/\/bildvogt.eu\/wordpress\/wp-content\/uploads\/2016\/10\/IMGP9345-508x336.jpg 508w\" sizes=\"auto, (max-width: 600px) 100vw, 600px\" \/><figcaption id=\"caption-attachment-177\" class=\"wp-caption-text\">Jupiter Jones \u2013\u00a0hier S\u00e4nger Sven Lauer \u2013\u00a0heizen das Publikum an<\/figcaption><\/figure>\n<figure id=\"attachment_178\" aria-describedby=\"caption-attachment-178\" style=\"width: 600px\" class=\"wp-caption aligncenter\"><img loading=\"lazy\" decoding=\"async\" class=\"size-large wp-image-178\" src=\"http:\/\/emvee.de\/wordpress\/wp-content\/uploads\/2016\/10\/IMGP9478-678x1024.jpg\" alt=\"Itchy Poopzkid\" width=\"600\" height=\"906\" srcset=\"https:\/\/bildvogt.eu\/wordpress\/wp-content\/uploads\/2016\/10\/IMGP9478-678x1024.jpg 678w, https:\/\/bildvogt.eu\/wordpress\/wp-content\/uploads\/2016\/10\/IMGP9478-199x300.jpg 199w, https:\/\/bildvogt.eu\/wordpress\/wp-content\/uploads\/2016\/10\/IMGP9478-768x1160.jpg 768w, https:\/\/bildvogt.eu\/wordpress\/wp-content\/uploads\/2016\/10\/IMGP9478-1240x1872.jpg 1240w, https:\/\/bildvogt.eu\/wordpress\/wp-content\/uploads\/2016\/10\/IMGP9478-508x767.jpg 508w\" sizes=\"auto, (max-width: 600px) 100vw, 600px\" \/><figcaption id=\"caption-attachment-178\" class=\"wp-caption-text\">Itchy Poopzkid \u2013 Bassist &#8222;Panzer&#8220;<\/figcaption><\/figure>\n<figure id=\"attachment_179\" aria-describedby=\"caption-attachment-179\" style=\"width: 600px\" class=\"wp-caption aligncenter\"><img loading=\"lazy\" decoding=\"async\" class=\"size-large wp-image-179\" src=\"http:\/\/emvee.de\/wordpress\/wp-content\/uploads\/2016\/10\/IMGP9526-678x1024.jpg\" alt=\"Itchy Poopzkid\" width=\"600\" height=\"906\" srcset=\"https:\/\/bildvogt.eu\/wordpress\/wp-content\/uploads\/2016\/10\/IMGP9526-678x1024.jpg 678w, https:\/\/bildvogt.eu\/wordpress\/wp-content\/uploads\/2016\/10\/IMGP9526-199x300.jpg 199w, https:\/\/bildvogt.eu\/wordpress\/wp-content\/uploads\/2016\/10\/IMGP9526-768x1160.jpg 768w, https:\/\/bildvogt.eu\/wordpress\/wp-content\/uploads\/2016\/10\/IMGP9526-1240x1872.jpg 1240w, https:\/\/bildvogt.eu\/wordpress\/wp-content\/uploads\/2016\/10\/IMGP9526-508x767.jpg 508w\" sizes=\"auto, (max-width: 600px) 100vw, 600px\" \/><figcaption id=\"caption-attachment-179\" class=\"wp-caption-text\">Itchy Poopzkid<\/figcaption><\/figure>\n","protected":false},"excerpt":{"rendered":"<p>Gestern gabs was zu feiern: Die Eislinger Punkrockband Itchy Poopzkid feierte auf ihrer &#8222;Six&#8220;-Tour im ausverkauften Ulmer Roxy ihr 15-J\u00e4hriges Bandjubil\u00e4um. Mitgefeiert haben neben 1200 Fans auch Jupiter Jones und der holl\u00e4ndische Akustikmusiker\u00a0Tim Vantol. Die gesamte Bildergalerie gibt es unter\u00a0http:\/\/www.team-ulm.de\/Fotos\/Roxy\/15-10-2016\/9336\/<\/p>\n","protected":false},"author":1,"featured_media":178,"comment_status":"open","ping_status":"open","sticky":false,"template":"","format":"standard","meta":{"footnotes":""},"categories":[19,51],"tags":[74,120,123,20,21,28,27,122,77,23,121,124],"class_list":["post-176","post","type-post","status-publish","format-standard","has-post-thumbnail","hentry","category-konzertfotografie","category-ulm","tag-gig","tag-itchy-poopzkid","tag-jupiter-jones","tag-konzert","tag-konzertfotografie","tag-live","tag-musik","tag-on-stage","tag-punkrock","tag-rock","tag-stage","tag-tim-vantol"],"_links":{"self":[{"href":"https:\/\/bildvogt.eu\/wordpress\/wp-json\/wp\/v2\/posts\/176","targetHints":{"allow":["GET"]}}],"collection":[{"href":"https:\/\/bildvogt.eu\/wordpress\/wp-json\/wp\/v2\/posts"}],"about":[{"href":"https:\/\/bildvogt.eu\/wordpress\/wp-json\/wp\/v2\/types\/post"}],"author":[{"embeddable":true,"href":"https:\/\/bildvogt.eu\/wordpress\/wp-json\/wp\/v2\/users\/1"}],"replies":[{"embeddable":true,"href":"https:\/\/bildvogt.eu\/wordpress\/wp-json\/wp\/v2\/comments?post=176"}],"version-history":[{"count":2,"href":"https:\/\/bildvogt.eu\/wordpress\/wp-json\/wp\/v2\/posts\/176\/revisions"}],"predecessor-version":[{"id":202,"href":"https:\/\/bildvogt.eu\/wordpress\/wp-json\/wp\/v2\/posts\/176\/revisions\/202"}],"wp:featuredmedia":[{"embeddable":true,"href":"https:\/\/bildvogt.eu\/wordpress\/wp-json\/wp\/v2\/media\/178"}],"wp:attachment":[{"href":"https:\/\/bildvogt.eu\/wordpress\/wp-json\/wp\/v2\/media?parent=176"}],"wp:term":[{"taxonomy":"category","embeddable":true,"href":"https:\/\/bildvogt.eu\/wordpress\/wp-json\/wp\/v2\/categories?post=176"},{"taxonomy":"post_tag","embeddable":true,"href":"https:\/\/bildvogt.eu\/wordpress\/wp-json\/wp\/v2\/tags?post=176"}],"curies":[{"name":"wp","href":"https:\/\/api.w.org\/{rel}","templated":true}]}}