{"id":1578,"date":"2023-07-10T17:21:34","date_gmt":"2023-07-10T15:21:34","guid":{"rendered":"https:\/\/bildvogt.eu\/wordpress\/?p=1578"},"modified":"2023-07-10T17:21:34","modified_gmt":"2023-07-10T15:21:34","slug":"die-bekannte-band-zaertlichkeiten-mit-freunden-ulmer-zelt","status":"publish","type":"post","link":"https:\/\/bildvogt.eu\/wordpress\/2023\/07\/10\/die-bekannte-band-zaertlichkeiten-mit-freunden-ulmer-zelt\/","title":{"rendered":"Die bekannte Band Z\u00e4rtlichkeiten mit Freunden \/\/ Ulmer Zelt"},"content":{"rendered":"\n<p>Musikkasperett \u2013\u00a0so umschreiben die beiden Mitglieder der Band ihr Genre. Ganze zwei Lieder wurden gespielt, daf\u00fcr gabs umso mehr Lacher. Zuerst verk\u00fcndete Cordula Zwischenfisch (Christoph Walter) ihren Ausstieg aus der Band, dann betrat Ines Fleiwa (Stefan Schramm) die B\u00fchne und stellte seinen neuen Kollegen, den pubert\u00e4ren und etwas unbeholfenen Schlagzeuger Rico Rohs (ebenfalls Walter) vor. Das Duo aus dem s\u00e4chsischen Riesa kam beim Publikum hervorragend an.<\/p>\n\n\n\n<p><\/p>\n","protected":false},"excerpt":{"rendered":"<p>Musikkasperett \u2013\u00a0so umschreiben die beiden Mitglieder der Band ihr Genre. Ganze zwei Lieder wurden gespielt, daf\u00fcr gabs umso mehr Lacher. Zuerst verk\u00fcndete Cordula Zwischenfisch (Christoph Walter) ihren Ausstieg aus der Band, dann betrat Ines Fleiwa (Stefan Schramm) die B\u00fchne und stellte seinen neuen Kollegen, den pubert\u00e4ren und etwas unbeholfenen Schlagzeuger Rico Rohs (ebenfalls Walter) vor&#8230;.<\/p>\n<p class=\"more-link-wrap\"><a href=\"https:\/\/bildvogt.eu\/wordpress\/2023\/07\/10\/die-bekannte-band-zaertlichkeiten-mit-freunden-ulmer-zelt\/\" class=\"more-link\">Weiterlesen<span class=\"screen-reader-text\"> &ldquo;Die bekannte Band Z\u00e4rtlichkeiten mit Freunden \/\/ Ulmer Zelt&rdquo;<\/span> &raquo;<\/a><\/p>\n","protected":false},"author":1,"featured_media":1579,"comment_status":"open","ping_status":"open","sticky":false,"template":"","format":"standard","meta":{"footnotes":""},"categories":[19],"tags":[589,581,28,27,588,26,257,590],"class_list":["post-1578","post","type-post","status-publish","format-standard","has-post-thumbnail","hentry","category-konzertfotografie","tag-christoph-walter","tag-kabarett","tag-live","tag-musik","tag-stefan-schramm","tag-ulm","tag-ulmer-zelt","tag-zaertlichkeiten-mit-freunden"],"_links":{"self":[{"href":"https:\/\/bildvogt.eu\/wordpress\/wp-json\/wp\/v2\/posts\/1578","targetHints":{"allow":["GET"]}}],"collection":[{"href":"https:\/\/bildvogt.eu\/wordpress\/wp-json\/wp\/v2\/posts"}],"about":[{"href":"https:\/\/bildvogt.eu\/wordpress\/wp-json\/wp\/v2\/types\/post"}],"author":[{"embeddable":true,"href":"https:\/\/bildvogt.eu\/wordpress\/wp-json\/wp\/v2\/users\/1"}],"replies":[{"embeddable":true,"href":"https:\/\/bildvogt.eu\/wordpress\/wp-json\/wp\/v2\/comments?post=1578"}],"version-history":[{"count":1,"href":"https:\/\/bildvogt.eu\/wordpress\/wp-json\/wp\/v2\/posts\/1578\/revisions"}],"predecessor-version":[{"id":1580,"href":"https:\/\/bildvogt.eu\/wordpress\/wp-json\/wp\/v2\/posts\/1578\/revisions\/1580"}],"wp:featuredmedia":[{"embeddable":true,"href":"https:\/\/bildvogt.eu\/wordpress\/wp-json\/wp\/v2\/media\/1579"}],"wp:attachment":[{"href":"https:\/\/bildvogt.eu\/wordpress\/wp-json\/wp\/v2\/media?parent=1578"}],"wp:term":[{"taxonomy":"category","embeddable":true,"href":"https:\/\/bildvogt.eu\/wordpress\/wp-json\/wp\/v2\/categories?post=1578"},{"taxonomy":"post_tag","embeddable":true,"href":"https:\/\/bildvogt.eu\/wordpress\/wp-json\/wp\/v2\/tags?post=1578"}],"curies":[{"name":"wp","href":"https:\/\/api.w.org\/{rel}","templated":true}]}}