{"id":1540,"date":"2023-06-27T00:20:05","date_gmt":"2023-06-26T22:20:05","guid":{"rendered":"https:\/\/bildvogt.eu\/wordpress\/?p=1540"},"modified":"2023-06-27T00:20:05","modified_gmt":"2023-06-26T22:20:05","slug":"the-nina-simone-story-ulmer-zelt","status":"publish","type":"post","link":"https:\/\/bildvogt.eu\/wordpress\/2023\/06\/27\/the-nina-simone-story-ulmer-zelt\/","title":{"rendered":"The Nina Simone Story \/\/ Ulmer Zelt"},"content":{"rendered":"\n<p>Eigentlich wollte sie klassische Konzertpianistin werden, ihre Wege f\u00fchrten sie aber in verruchte Lokale, in die Jazzmusik und auch in die B\u00fcrgerrechtsbewegungen der 50er und 60er Jahre. Nina Simone, eigentlich Eunice Kathleen Waymon, hatte ein bewegtes Leben. Ilm Ulmer Zelt wurde ihre Geschichte nun aufgef\u00fchrt, mit Fola Dada, die j\u00fcngst mit dem Deutschen Jazzpreis dekoriert wurde, als Darstellerin der Nina Simone, und SWR2-Moderatorin Katharina Eickhoff als Erz\u00e4hlerin. Regie f\u00fchrte der zweifache ECHO-Preistr\u00e4ger Florian Dohrmann, der auch das Drehbuch dazu schrieb und den Kontrabass zupfte. Weitere Musiker auf der B\u00fchne waren Ulf Kleiner am Piano, Felix Schrack an den Drums und Frank Kuruc an der Gitarre.<\/p>\n\n\n\n<figure class=\"wp-block-image size-large\"><img loading=\"lazy\" decoding=\"async\" width=\"1024\" height=\"683\" src=\"https:\/\/bildvogt.eu\/wordpress\/wp-content\/uploads\/2023\/06\/IMG1919-1024x683.jpg\" alt=\"\" class=\"wp-image-1541\" srcset=\"https:\/\/bildvogt.eu\/wordpress\/wp-content\/uploads\/2023\/06\/IMG1919-1024x683.jpg 1024w, https:\/\/bildvogt.eu\/wordpress\/wp-content\/uploads\/2023\/06\/IMG1919-300x200.jpg 300w, https:\/\/bildvogt.eu\/wordpress\/wp-content\/uploads\/2023\/06\/IMG1919-768x512.jpg 768w, https:\/\/bildvogt.eu\/wordpress\/wp-content\/uploads\/2023\/06\/IMG1919-1536x1024.jpg 1536w, https:\/\/bildvogt.eu\/wordpress\/wp-content\/uploads\/2023\/06\/IMG1919-2048x1365.jpg 2048w\" sizes=\"auto, (max-width: 1024px) 100vw, 1024px\" \/><\/figure>\n\n\n\n<figure class=\"wp-block-image size-large\"><img loading=\"lazy\" decoding=\"async\" width=\"1024\" height=\"683\" src=\"https:\/\/bildvogt.eu\/wordpress\/wp-content\/uploads\/2023\/06\/IMG1969-1024x683.jpg\" alt=\"\" class=\"wp-image-1542\" srcset=\"https:\/\/bildvogt.eu\/wordpress\/wp-content\/uploads\/2023\/06\/IMG1969-1024x683.jpg 1024w, https:\/\/bildvogt.eu\/wordpress\/wp-content\/uploads\/2023\/06\/IMG1969-300x200.jpg 300w, https:\/\/bildvogt.eu\/wordpress\/wp-content\/uploads\/2023\/06\/IMG1969-768x512.jpg 768w, https:\/\/bildvogt.eu\/wordpress\/wp-content\/uploads\/2023\/06\/IMG1969-1536x1024.jpg 1536w, https:\/\/bildvogt.eu\/wordpress\/wp-content\/uploads\/2023\/06\/IMG1969-2048x1365.jpg 2048w\" sizes=\"auto, (max-width: 1024px) 100vw, 1024px\" \/><\/figure>\n\n\n\n<figure class=\"wp-block-image size-large\"><img loading=\"lazy\" decoding=\"async\" width=\"1024\" height=\"683\" src=\"https:\/\/bildvogt.eu\/wordpress\/wp-content\/uploads\/2023\/06\/IMG1996-1024x683.jpg\" alt=\"\" class=\"wp-image-1543\" srcset=\"https:\/\/bildvogt.eu\/wordpress\/wp-content\/uploads\/2023\/06\/IMG1996-1024x683.jpg 1024w, https:\/\/bildvogt.eu\/wordpress\/wp-content\/uploads\/2023\/06\/IMG1996-300x200.jpg 300w, https:\/\/bildvogt.eu\/wordpress\/wp-content\/uploads\/2023\/06\/IMG1996-768x512.jpg 768w, https:\/\/bildvogt.eu\/wordpress\/wp-content\/uploads\/2023\/06\/IMG1996-1536x1024.jpg 1536w, https:\/\/bildvogt.eu\/wordpress\/wp-content\/uploads\/2023\/06\/IMG1996-2048x1365.jpg 2048w\" sizes=\"auto, (max-width: 1024px) 100vw, 1024px\" \/><\/figure>\n\n\n\n<figure class=\"wp-block-image size-large\"><img loading=\"lazy\" decoding=\"async\" width=\"1024\" height=\"683\" src=\"https:\/\/bildvogt.eu\/wordpress\/wp-content\/uploads\/2023\/06\/IMG2004-1024x683.jpg\" alt=\"\" class=\"wp-image-1544\" srcset=\"https:\/\/bildvogt.eu\/wordpress\/wp-content\/uploads\/2023\/06\/IMG2004-1024x683.jpg 1024w, https:\/\/bildvogt.eu\/wordpress\/wp-content\/uploads\/2023\/06\/IMG2004-300x200.jpg 300w, https:\/\/bildvogt.eu\/wordpress\/wp-content\/uploads\/2023\/06\/IMG2004-768x512.jpg 768w, https:\/\/bildvogt.eu\/wordpress\/wp-content\/uploads\/2023\/06\/IMG2004-1536x1024.jpg 1536w, https:\/\/bildvogt.eu\/wordpress\/wp-content\/uploads\/2023\/06\/IMG2004-2048x1365.jpg 2048w\" sizes=\"auto, (max-width: 1024px) 100vw, 1024px\" \/><\/figure>\n\n\n\n<figure class=\"wp-block-image size-large\"><img loading=\"lazy\" decoding=\"async\" width=\"1024\" height=\"683\" src=\"https:\/\/bildvogt.eu\/wordpress\/wp-content\/uploads\/2023\/06\/IMG2013-1024x683.jpg\" alt=\"\" class=\"wp-image-1545\" srcset=\"https:\/\/bildvogt.eu\/wordpress\/wp-content\/uploads\/2023\/06\/IMG2013-1024x683.jpg 1024w, https:\/\/bildvogt.eu\/wordpress\/wp-content\/uploads\/2023\/06\/IMG2013-300x200.jpg 300w, https:\/\/bildvogt.eu\/wordpress\/wp-content\/uploads\/2023\/06\/IMG2013-768x512.jpg 768w, https:\/\/bildvogt.eu\/wordpress\/wp-content\/uploads\/2023\/06\/IMG2013-1536x1024.jpg 1536w, https:\/\/bildvogt.eu\/wordpress\/wp-content\/uploads\/2023\/06\/IMG2013-2048x1365.jpg 2048w\" sizes=\"auto, (max-width: 1024px) 100vw, 1024px\" \/><\/figure>\n\n\n\n<figure class=\"wp-block-image size-large\"><img loading=\"lazy\" decoding=\"async\" width=\"1024\" height=\"683\" src=\"https:\/\/bildvogt.eu\/wordpress\/wp-content\/uploads\/2023\/06\/IMG2017-1024x683.jpg\" alt=\"\" class=\"wp-image-1546\" srcset=\"https:\/\/bildvogt.eu\/wordpress\/wp-content\/uploads\/2023\/06\/IMG2017-1024x683.jpg 1024w, https:\/\/bildvogt.eu\/wordpress\/wp-content\/uploads\/2023\/06\/IMG2017-300x200.jpg 300w, https:\/\/bildvogt.eu\/wordpress\/wp-content\/uploads\/2023\/06\/IMG2017-768x512.jpg 768w, https:\/\/bildvogt.eu\/wordpress\/wp-content\/uploads\/2023\/06\/IMG2017-1536x1024.jpg 1536w, https:\/\/bildvogt.eu\/wordpress\/wp-content\/uploads\/2023\/06\/IMG2017-2048x1365.jpg 2048w\" sizes=\"auto, (max-width: 1024px) 100vw, 1024px\" \/><\/figure>\n\n\n\n<figure class=\"wp-block-image size-large\"><img loading=\"lazy\" decoding=\"async\" width=\"1024\" height=\"683\" src=\"https:\/\/bildvogt.eu\/wordpress\/wp-content\/uploads\/2023\/06\/IMG2041-1024x683.jpg\" alt=\"\" class=\"wp-image-1547\" srcset=\"https:\/\/bildvogt.eu\/wordpress\/wp-content\/uploads\/2023\/06\/IMG2041-1024x683.jpg 1024w, https:\/\/bildvogt.eu\/wordpress\/wp-content\/uploads\/2023\/06\/IMG2041-300x200.jpg 300w, https:\/\/bildvogt.eu\/wordpress\/wp-content\/uploads\/2023\/06\/IMG2041-768x512.jpg 768w, https:\/\/bildvogt.eu\/wordpress\/wp-content\/uploads\/2023\/06\/IMG2041-1536x1024.jpg 1536w, https:\/\/bildvogt.eu\/wordpress\/wp-content\/uploads\/2023\/06\/IMG2041-2048x1365.jpg 2048w\" sizes=\"auto, (max-width: 1024px) 100vw, 1024px\" \/><\/figure>\n\n\n\n<figure class=\"wp-block-image size-large\"><img loading=\"lazy\" decoding=\"async\" width=\"1024\" height=\"683\" src=\"https:\/\/bildvogt.eu\/wordpress\/wp-content\/uploads\/2023\/06\/IMG2052-1024x683.jpg\" alt=\"\" class=\"wp-image-1548\" srcset=\"https:\/\/bildvogt.eu\/wordpress\/wp-content\/uploads\/2023\/06\/IMG2052-1024x683.jpg 1024w, https:\/\/bildvogt.eu\/wordpress\/wp-content\/uploads\/2023\/06\/IMG2052-300x200.jpg 300w, https:\/\/bildvogt.eu\/wordpress\/wp-content\/uploads\/2023\/06\/IMG2052-768x512.jpg 768w, https:\/\/bildvogt.eu\/wordpress\/wp-content\/uploads\/2023\/06\/IMG2052-1536x1024.jpg 1536w, https:\/\/bildvogt.eu\/wordpress\/wp-content\/uploads\/2023\/06\/IMG2052-2048x1365.jpg 2048w\" sizes=\"auto, (max-width: 1024px) 100vw, 1024px\" \/><\/figure>\n\n\n","protected":false},"excerpt":{"rendered":"<p>Eigentlich wollte sie klassische Konzertpianistin werden, ihre Wege f\u00fchrten sie aber in verruchte Lokale, in die Jazzmusik und auch in die B\u00fcrgerrechtsbewegungen der 50er und 60er Jahre. Nina Simone, eigentlich Eunice Kathleen Waymon, hatte ein bewegtes Leben. Ilm Ulmer Zelt wurde ihre Geschichte nun aufgef\u00fchrt, mit Fola Dada, die j\u00fcngst mit dem Deutschen Jazzpreis dekoriert&#8230;<\/p>\n<p class=\"more-link-wrap\"><a href=\"https:\/\/bildvogt.eu\/wordpress\/2023\/06\/27\/the-nina-simone-story-ulmer-zelt\/\" class=\"more-link\">Weiterlesen<span class=\"screen-reader-text\"> &ldquo;The Nina Simone Story \/\/ Ulmer Zelt&rdquo;<\/span> &raquo;<\/a><\/p>\n","protected":false},"author":1,"featured_media":1550,"comment_status":"open","ping_status":"open","sticky":false,"template":"","format":"standard","meta":{"footnotes":""},"categories":[19],"tags":[553,139,577,444,74,554,20,21,28,578,576,26],"class_list":["post-1540","post","type-post","status-publish","format-standard","has-post-thumbnail","hentry","category-konzertfotografie","tag-blues","tag-buehne","tag-florian-dohrmann","tag-fola-dada","tag-gig","tag-jazz","tag-konzert","tag-konzertfotografie","tag-live","tag-nina-simone","tag-the-nina-simone-story","tag-ulm"],"_links":{"self":[{"href":"https:\/\/bildvogt.eu\/wordpress\/wp-json\/wp\/v2\/posts\/1540","targetHints":{"allow":["GET"]}}],"collection":[{"href":"https:\/\/bildvogt.eu\/wordpress\/wp-json\/wp\/v2\/posts"}],"about":[{"href":"https:\/\/bildvogt.eu\/wordpress\/wp-json\/wp\/v2\/types\/post"}],"author":[{"embeddable":true,"href":"https:\/\/bildvogt.eu\/wordpress\/wp-json\/wp\/v2\/users\/1"}],"replies":[{"embeddable":true,"href":"https:\/\/bildvogt.eu\/wordpress\/wp-json\/wp\/v2\/comments?post=1540"}],"version-history":[{"count":1,"href":"https:\/\/bildvogt.eu\/wordpress\/wp-json\/wp\/v2\/posts\/1540\/revisions"}],"predecessor-version":[{"id":1551,"href":"https:\/\/bildvogt.eu\/wordpress\/wp-json\/wp\/v2\/posts\/1540\/revisions\/1551"}],"wp:featuredmedia":[{"embeddable":true,"href":"https:\/\/bildvogt.eu\/wordpress\/wp-json\/wp\/v2\/media\/1550"}],"wp:attachment":[{"href":"https:\/\/bildvogt.eu\/wordpress\/wp-json\/wp\/v2\/media?parent=1540"}],"wp:term":[{"taxonomy":"category","embeddable":true,"href":"https:\/\/bildvogt.eu\/wordpress\/wp-json\/wp\/v2\/categories?post=1540"},{"taxonomy":"post_tag","embeddable":true,"href":"https:\/\/bildvogt.eu\/wordpress\/wp-json\/wp\/v2\/tags?post=1540"}],"curies":[{"name":"wp","href":"https:\/\/api.w.org\/{rel}","templated":true}]}}