{"id":1490,"date":"2023-06-26T22:01:31","date_gmt":"2023-06-26T20:01:31","guid":{"rendered":"https:\/\/bildvogt.eu\/wordpress\/?p=1490"},"modified":"2023-06-26T22:01:31","modified_gmt":"2023-06-26T20:01:31","slug":"tag-der-festung-ulm-2023","status":"publish","type":"post","link":"https:\/\/bildvogt.eu\/wordpress\/2023\/06\/26\/tag-der-festung-ulm-2023\/","title":{"rendered":"Tag der Festung Ulm 2023"},"content":{"rendered":"\n<p>Erstmals seit 2019 fand in Ulm wieder der Tag der Festung statt, bei dem zahlreiche sonst oftmals verschlossene Werke der im 19. Jahrhundert erbauten gigantischen Bundesfestung Ulm der \u00d6ffentlichkeit zug\u00e4nglich gemacht werden. Schwerpunkt war dieses Jahr sicherlich die westliche Stadtfront bis hoch zur Wilhelmsburg, da in diesem Bereich im Jahr 2030 die Landesgartenschau stattfinden soll und bis dahin dort mit zahlreichen Bauma\u00dfnahmen zu rechnen ist \u2013 so soll unter Anderem die in den 1960ern einfach \u00fcber das historische Blaubeurer Tor gelegte Bundesstra\u00dfen-Br\u00fccke zur\u00fcckgebaut und durch einen Tunnel hinter dem Tor ersetzt werden. Auch einige Forts waren an diesem Tag ge\u00f6ffnet und es gab ein reichhaltiges Programm des Festungsvereins, der Stadt und der Mieter in den einzelnen Festungswerken.<\/p>\n\n\n\n<figure class=\"wp-block-image size-large\"><img loading=\"lazy\" decoding=\"async\" width=\"1024\" height=\"683\" src=\"https:\/\/bildvogt.eu\/wordpress\/wp-content\/uploads\/2023\/06\/IMG0639-1024x683.jpg\" alt=\"\" class=\"wp-image-1491\" srcset=\"https:\/\/bildvogt.eu\/wordpress\/wp-content\/uploads\/2023\/06\/IMG0639-1024x683.jpg 1024w, https:\/\/bildvogt.eu\/wordpress\/wp-content\/uploads\/2023\/06\/IMG0639-300x200.jpg 300w, https:\/\/bildvogt.eu\/wordpress\/wp-content\/uploads\/2023\/06\/IMG0639-768x512.jpg 768w, https:\/\/bildvogt.eu\/wordpress\/wp-content\/uploads\/2023\/06\/IMG0639-1536x1024.jpg 1536w, https:\/\/bildvogt.eu\/wordpress\/wp-content\/uploads\/2023\/06\/IMG0639-2048x1365.jpg 2048w\" sizes=\"auto, (max-width: 1024px) 100vw, 1024px\" \/><\/figure>\n\n\n\n<figure class=\"wp-block-image size-large\"><img loading=\"lazy\" decoding=\"async\" width=\"1024\" height=\"683\" src=\"https:\/\/bildvogt.eu\/wordpress\/wp-content\/uploads\/2023\/06\/IMG0684-1024x683.jpg\" alt=\"\" class=\"wp-image-1492\" srcset=\"https:\/\/bildvogt.eu\/wordpress\/wp-content\/uploads\/2023\/06\/IMG0684-1024x683.jpg 1024w, https:\/\/bildvogt.eu\/wordpress\/wp-content\/uploads\/2023\/06\/IMG0684-300x200.jpg 300w, https:\/\/bildvogt.eu\/wordpress\/wp-content\/uploads\/2023\/06\/IMG0684-768x512.jpg 768w, https:\/\/bildvogt.eu\/wordpress\/wp-content\/uploads\/2023\/06\/IMG0684-1536x1024.jpg 1536w, https:\/\/bildvogt.eu\/wordpress\/wp-content\/uploads\/2023\/06\/IMG0684-2048x1365.jpg 2048w\" sizes=\"auto, (max-width: 1024px) 100vw, 1024px\" \/><\/figure>\n\n\n\n<figure class=\"wp-block-image size-large\"><img loading=\"lazy\" decoding=\"async\" width=\"1024\" height=\"683\" src=\"https:\/\/bildvogt.eu\/wordpress\/wp-content\/uploads\/2023\/06\/IMG0758-1024x683.jpg\" alt=\"\" class=\"wp-image-1493\" srcset=\"https:\/\/bildvogt.eu\/wordpress\/wp-content\/uploads\/2023\/06\/IMG0758-1024x683.jpg 1024w, https:\/\/bildvogt.eu\/wordpress\/wp-content\/uploads\/2023\/06\/IMG0758-300x200.jpg 300w, https:\/\/bildvogt.eu\/wordpress\/wp-content\/uploads\/2023\/06\/IMG0758-768x512.jpg 768w, https:\/\/bildvogt.eu\/wordpress\/wp-content\/uploads\/2023\/06\/IMG0758-1536x1024.jpg 1536w, https:\/\/bildvogt.eu\/wordpress\/wp-content\/uploads\/2023\/06\/IMG0758-2048x1365.jpg 2048w\" sizes=\"auto, (max-width: 1024px) 100vw, 1024px\" \/><\/figure>\n\n\n\n<figure class=\"wp-block-image size-large\"><img loading=\"lazy\" decoding=\"async\" width=\"1024\" height=\"683\" src=\"https:\/\/bildvogt.eu\/wordpress\/wp-content\/uploads\/2023\/06\/IMG0806-1024x683.jpg\" alt=\"\" class=\"wp-image-1494\" srcset=\"https:\/\/bildvogt.eu\/wordpress\/wp-content\/uploads\/2023\/06\/IMG0806-1024x683.jpg 1024w, https:\/\/bildvogt.eu\/wordpress\/wp-content\/uploads\/2023\/06\/IMG0806-300x200.jpg 300w, https:\/\/bildvogt.eu\/wordpress\/wp-content\/uploads\/2023\/06\/IMG0806-768x512.jpg 768w, https:\/\/bildvogt.eu\/wordpress\/wp-content\/uploads\/2023\/06\/IMG0806-1536x1024.jpg 1536w, https:\/\/bildvogt.eu\/wordpress\/wp-content\/uploads\/2023\/06\/IMG0806-2048x1365.jpg 2048w\" sizes=\"auto, (max-width: 1024px) 100vw, 1024px\" \/><\/figure>\n\n\n\n<figure class=\"wp-block-image size-large\"><img loading=\"lazy\" decoding=\"async\" width=\"1024\" height=\"683\" src=\"https:\/\/bildvogt.eu\/wordpress\/wp-content\/uploads\/2023\/06\/IMG0815-1024x683.jpg\" alt=\"\" class=\"wp-image-1495\" srcset=\"https:\/\/bildvogt.eu\/wordpress\/wp-content\/uploads\/2023\/06\/IMG0815-1024x683.jpg 1024w, https:\/\/bildvogt.eu\/wordpress\/wp-content\/uploads\/2023\/06\/IMG0815-300x200.jpg 300w, https:\/\/bildvogt.eu\/wordpress\/wp-content\/uploads\/2023\/06\/IMG0815-768x512.jpg 768w, https:\/\/bildvogt.eu\/wordpress\/wp-content\/uploads\/2023\/06\/IMG0815-1536x1024.jpg 1536w, https:\/\/bildvogt.eu\/wordpress\/wp-content\/uploads\/2023\/06\/IMG0815-2048x1365.jpg 2048w\" sizes=\"auto, (max-width: 1024px) 100vw, 1024px\" \/><\/figure>\n\n\n\n<figure class=\"wp-block-image size-large\"><img loading=\"lazy\" decoding=\"async\" width=\"1024\" height=\"683\" src=\"https:\/\/bildvogt.eu\/wordpress\/wp-content\/uploads\/2023\/06\/IMG0866-1024x683.jpg\" alt=\"\" class=\"wp-image-1496\" srcset=\"https:\/\/bildvogt.eu\/wordpress\/wp-content\/uploads\/2023\/06\/IMG0866-1024x683.jpg 1024w, https:\/\/bildvogt.eu\/wordpress\/wp-content\/uploads\/2023\/06\/IMG0866-300x200.jpg 300w, https:\/\/bildvogt.eu\/wordpress\/wp-content\/uploads\/2023\/06\/IMG0866-768x512.jpg 768w, https:\/\/bildvogt.eu\/wordpress\/wp-content\/uploads\/2023\/06\/IMG0866-1536x1024.jpg 1536w, https:\/\/bildvogt.eu\/wordpress\/wp-content\/uploads\/2023\/06\/IMG0866-2048x1365.jpg 2048w\" sizes=\"auto, (max-width: 1024px) 100vw, 1024px\" \/><\/figure>\n\n\n\n<figure class=\"wp-block-image size-large\"><img loading=\"lazy\" decoding=\"async\" width=\"1024\" height=\"683\" src=\"https:\/\/bildvogt.eu\/wordpress\/wp-content\/uploads\/2023\/06\/IMG0882-1024x683.jpg\" alt=\"\" class=\"wp-image-1497\" srcset=\"https:\/\/bildvogt.eu\/wordpress\/wp-content\/uploads\/2023\/06\/IMG0882-1024x683.jpg 1024w, https:\/\/bildvogt.eu\/wordpress\/wp-content\/uploads\/2023\/06\/IMG0882-300x200.jpg 300w, https:\/\/bildvogt.eu\/wordpress\/wp-content\/uploads\/2023\/06\/IMG0882-768x512.jpg 768w, https:\/\/bildvogt.eu\/wordpress\/wp-content\/uploads\/2023\/06\/IMG0882-1536x1024.jpg 1536w, https:\/\/bildvogt.eu\/wordpress\/wp-content\/uploads\/2023\/06\/IMG0882-2048x1365.jpg 2048w\" sizes=\"auto, (max-width: 1024px) 100vw, 1024px\" \/><\/figure>\n\n\n\n<figure class=\"wp-block-image size-large\"><img loading=\"lazy\" decoding=\"async\" width=\"1024\" height=\"683\" src=\"https:\/\/bildvogt.eu\/wordpress\/wp-content\/uploads\/2023\/06\/IMG0643-1024x683.jpg\" alt=\"\" class=\"wp-image-1498\" srcset=\"https:\/\/bildvogt.eu\/wordpress\/wp-content\/uploads\/2023\/06\/IMG0643-1024x683.jpg 1024w, https:\/\/bildvogt.eu\/wordpress\/wp-content\/uploads\/2023\/06\/IMG0643-300x200.jpg 300w, https:\/\/bildvogt.eu\/wordpress\/wp-content\/uploads\/2023\/06\/IMG0643-768x512.jpg 768w, https:\/\/bildvogt.eu\/wordpress\/wp-content\/uploads\/2023\/06\/IMG0643-1536x1024.jpg 1536w, https:\/\/bildvogt.eu\/wordpress\/wp-content\/uploads\/2023\/06\/IMG0643-2048x1365.jpg 2048w\" sizes=\"auto, (max-width: 1024px) 100vw, 1024px\" \/><\/figure>\n\n\n\n<figure class=\"wp-block-image size-large\"><img loading=\"lazy\" decoding=\"async\" width=\"1024\" height=\"683\" src=\"https:\/\/bildvogt.eu\/wordpress\/wp-content\/uploads\/2023\/06\/IMG0727-1024x683.jpg\" alt=\"\" class=\"wp-image-1499\" srcset=\"https:\/\/bildvogt.eu\/wordpress\/wp-content\/uploads\/2023\/06\/IMG0727-1024x683.jpg 1024w, https:\/\/bildvogt.eu\/wordpress\/wp-content\/uploads\/2023\/06\/IMG0727-300x200.jpg 300w, https:\/\/bildvogt.eu\/wordpress\/wp-content\/uploads\/2023\/06\/IMG0727-768x512.jpg 768w, https:\/\/bildvogt.eu\/wordpress\/wp-content\/uploads\/2023\/06\/IMG0727-1536x1024.jpg 1536w, https:\/\/bildvogt.eu\/wordpress\/wp-content\/uploads\/2023\/06\/IMG0727-2048x1365.jpg 2048w\" sizes=\"auto, (max-width: 1024px) 100vw, 1024px\" \/><\/figure>\n","protected":false},"excerpt":{"rendered":"<p>Erstmals seit 2019 fand in Ulm wieder der Tag der Festung statt, bei dem zahlreiche sonst oftmals verschlossene Werke der im 19. Jahrhundert erbauten gigantischen Bundesfestung Ulm der \u00d6ffentlichkeit zug\u00e4nglich gemacht werden. Schwerpunkt war dieses Jahr sicherlich die westliche Stadtfront bis hoch zur Wilhelmsburg, da in diesem Bereich im Jahr 2030 die Landesgartenschau stattfinden soll&#8230;<\/p>\n<p class=\"more-link-wrap\"><a href=\"https:\/\/bildvogt.eu\/wordpress\/2023\/06\/26\/tag-der-festung-ulm-2023\/\" class=\"more-link\">Weiterlesen<span class=\"screen-reader-text\"> &ldquo;Tag der Festung Ulm 2023&rdquo;<\/span> &raquo;<\/a><\/p>\n","protected":false},"author":1,"featured_media":1500,"comment_status":"open","ping_status":"open","sticky":false,"template":"","format":"standard","meta":{"footnotes":""},"categories":[30],"tags":[171,546,549,32,550,547,26,548],"class_list":["post-1490","post","type-post","status-publish","format-standard","has-post-thumbnail","hentry","category-bundesfestung-ulm","tag-blaubeurer-tor","tag-bundesfestung","tag-ehinger-tor","tag-festung","tag-fort-oberer-kuhberg","tag-tag-der-festung","tag-ulm","tag-wilhelmsburg"],"_links":{"self":[{"href":"https:\/\/bildvogt.eu\/wordpress\/wp-json\/wp\/v2\/posts\/1490","targetHints":{"allow":["GET"]}}],"collection":[{"href":"https:\/\/bildvogt.eu\/wordpress\/wp-json\/wp\/v2\/posts"}],"about":[{"href":"https:\/\/bildvogt.eu\/wordpress\/wp-json\/wp\/v2\/types\/post"}],"author":[{"embeddable":true,"href":"https:\/\/bildvogt.eu\/wordpress\/wp-json\/wp\/v2\/users\/1"}],"replies":[{"embeddable":true,"href":"https:\/\/bildvogt.eu\/wordpress\/wp-json\/wp\/v2\/comments?post=1490"}],"version-history":[{"count":1,"href":"https:\/\/bildvogt.eu\/wordpress\/wp-json\/wp\/v2\/posts\/1490\/revisions"}],"predecessor-version":[{"id":1501,"href":"https:\/\/bildvogt.eu\/wordpress\/wp-json\/wp\/v2\/posts\/1490\/revisions\/1501"}],"wp:featuredmedia":[{"embeddable":true,"href":"https:\/\/bildvogt.eu\/wordpress\/wp-json\/wp\/v2\/media\/1500"}],"wp:attachment":[{"href":"https:\/\/bildvogt.eu\/wordpress\/wp-json\/wp\/v2\/media?parent=1490"}],"wp:term":[{"taxonomy":"category","embeddable":true,"href":"https:\/\/bildvogt.eu\/wordpress\/wp-json\/wp\/v2\/categories?post=1490"},{"taxonomy":"post_tag","embeddable":true,"href":"https:\/\/bildvogt.eu\/wordpress\/wp-json\/wp\/v2\/tags?post=1490"}],"curies":[{"name":"wp","href":"https:\/\/api.w.org\/{rel}","templated":true}]}}