{"id":130,"date":"2016-09-25T08:39:22","date_gmt":"2016-09-25T06:39:22","guid":{"rendered":"http:\/\/emvee.de\/wordpress\/?p=130"},"modified":"2016-09-25T14:00:32","modified_gmt":"2016-09-25T12:00:32","slug":"am-fruehen-morgen","status":"publish","type":"post","link":"https:\/\/bildvogt.eu\/wordpress\/2016\/09\/25\/am-fruehen-morgen\/","title":{"rendered":"Am fr\u00fchen Morgen"},"content":{"rendered":"<p style=\"text-align: justify;\">Was macht man, wenn man Sonntags um halb Sechs in der Fr\u00fch nicht mehr schlafen kann? Man schnappt sich seine Fotoausr\u00fcstung und zieht los. Zwischendurch noch eine Polizeikontrolle, dann auf dem Kienlesberg noch eine Tunnelsprengung unter den F\u00fc\u00dfen mitbekommen. Mit Sonnenaufgang-Fotos wurde es leider nicht wirklich was, darum bin ich dann ein Weilchen sp\u00e4ter weitergezogen. Durch den Einstein-Marathon musste ich noch eine Umleitung mitnehmen, die mich dann zu dem Motiv auf dem Bild gef\u00fchrt hat: Das Fort Safranberg der Bundesfestung Ulm \ud83d\ude42<\/p>\n<p style=\"text-align: justify;\"><a href=\"http:\/\/www.atarimuseum.de\/festung\/ul40.html\" target=\"_blank\">Mehr Infos zum Fort Safranberg gibt es hier<\/a><\/p>\n","protected":false},"excerpt":{"rendered":"<p>Was macht man, wenn man Sonntags um halb Sechs in der Fr\u00fch nicht mehr schlafen kann? Man schnappt sich seine Fotoausr\u00fcstung und zieht los. Zwischendurch noch eine Polizeikontrolle, dann auf dem Kienlesberg noch eine Tunnelsprengung unter den F\u00fc\u00dfen mitbekommen. Mit Sonnenaufgang-Fotos wurde es leider nicht wirklich was, darum bin ich dann ein Weilchen sp\u00e4ter weitergezogen&#8230;.<\/p>\n<p class=\"more-link-wrap\"><a href=\"https:\/\/bildvogt.eu\/wordpress\/2016\/09\/25\/am-fruehen-morgen\/\" class=\"more-link\">Weiterlesen<span class=\"screen-reader-text\"> &ldquo;Am fr\u00fchen Morgen&rdquo;<\/span> &raquo;<\/a><\/p>\n","protected":false},"author":1,"featured_media":131,"comment_status":"open","ping_status":"open","sticky":false,"template":"","format":"standard","meta":{"footnotes":""},"categories":[30,49,50,48,51],"tags":[33,55,32,68,52,53,70,71,69],"class_list":["post-130","post","type-post","status-publish","format-standard","has-post-thumbnail","hentry","category-bundesfestung-ulm","category-herbst","category-jahreszeit","category-landschaft","category-ulm","tag-bundesfestung-ulm","tag-denkmal","tag-festung","tag-fort-safranberg","tag-herbst","tag-landschaft","tag-sonne","tag-sonnenaufgang","tag-xl"],"_links":{"self":[{"href":"https:\/\/bildvogt.eu\/wordpress\/wp-json\/wp\/v2\/posts\/130","targetHints":{"allow":["GET"]}}],"collection":[{"href":"https:\/\/bildvogt.eu\/wordpress\/wp-json\/wp\/v2\/posts"}],"about":[{"href":"https:\/\/bildvogt.eu\/wordpress\/wp-json\/wp\/v2\/types\/post"}],"author":[{"embeddable":true,"href":"https:\/\/bildvogt.eu\/wordpress\/wp-json\/wp\/v2\/users\/1"}],"replies":[{"embeddable":true,"href":"https:\/\/bildvogt.eu\/wordpress\/wp-json\/wp\/v2\/comments?post=130"}],"version-history":[{"count":2,"href":"https:\/\/bildvogt.eu\/wordpress\/wp-json\/wp\/v2\/posts\/130\/revisions"}],"predecessor-version":[{"id":133,"href":"https:\/\/bildvogt.eu\/wordpress\/wp-json\/wp\/v2\/posts\/130\/revisions\/133"}],"wp:featuredmedia":[{"embeddable":true,"href":"https:\/\/bildvogt.eu\/wordpress\/wp-json\/wp\/v2\/media\/131"}],"wp:attachment":[{"href":"https:\/\/bildvogt.eu\/wordpress\/wp-json\/wp\/v2\/media?parent=130"}],"wp:term":[{"taxonomy":"category","embeddable":true,"href":"https:\/\/bildvogt.eu\/wordpress\/wp-json\/wp\/v2\/categories?post=130"},{"taxonomy":"post_tag","embeddable":true,"href":"https:\/\/bildvogt.eu\/wordpress\/wp-json\/wp\/v2\/tags?post=130"}],"curies":[{"name":"wp","href":"https:\/\/api.w.org\/{rel}","templated":true}]}}