{"id":113,"date":"2016-09-07T19:08:22","date_gmt":"2016-09-07T17:08:22","guid":{"rendered":"http:\/\/emvee.de\/wordpress\/?p=113"},"modified":"2016-09-07T19:08:43","modified_gmt":"2016-09-07T17:08:43","slug":"tag-des-offenen-denkmals-am-11-9-2016","status":"publish","type":"post","link":"https:\/\/bildvogt.eu\/wordpress\/2016\/09\/07\/tag-des-offenen-denkmals-am-11-9-2016\/","title":{"rendered":"Tag des offenen Denkmals am 11.9.2016"},"content":{"rendered":"<p style=\"text-align: justify;\">Auch in diesem Jahr gibt es wieder den &#8222;Tag des offenen Denkmals&#8220; von der Deutschen Stiftung Denkmalschutz. In Ulm und Umgebung haben folgende Denkm\u00e4ler ge\u00f6ffnet:<\/p>\n<p><span style=\"text-decoration: underline;\">Ulm (inkl. Oststadt und Weststadt)<\/span><\/p>\n<ul>\n<li>Fort Friedrichsau, Werk XLI der Bundesfestung Ulm (im Park Friedrichsau)<\/li>\n<li>Obere Donaubastion, Werk I der Bundesfestung Ulm (Schillerstra\u00dfe 1)<\/li>\n<li>ehem. Offizierskasino (Zinglerstra\u00dfe 70)<\/li>\n<li>Reichsst\u00e4dtischer Salzstadel (Salzstadelgasse 10)<\/li>\n<li>Geb\u00e4udeensemble in der B\u00fcchsengasse 12<\/li>\n<li>Der &#8222;Engl\u00e4nder&#8220; am Weinhof 19<\/li>\n<li>Das Ulmer M\u00fcnster<\/li>\n<li>Der &#8222;Reichenauer Hof&#8220; mit dem sp\u00e4tmittelalterlichen Minnes\u00e4ngersaal (Gr\u00fcner Hof 2)<\/li>\n<li>Der &#8222;Ochsenh\u00e4user Hof&#8220; (Gr\u00fcner Hof 5)<\/li>\n<\/ul>\n<p><span style=\"text-decoration: underline;\">Ulm, Stadtteil S\u00f6flingen<\/span><\/p>\n<ul>\n<li>Die ehemalige Hochschule f\u00fcr Gestaltung (Am Hochstr\u00e4\u00df 8)<\/li>\n<\/ul>\n<p><span style=\"text-decoration: underline;\">Wei\u00dfenhorn<\/span><\/p>\n<ul>\n<li>Der Schlossplatz<\/li>\n<\/ul>\n<p><span style=\"text-decoration: underline;\">Pfaffenhofen, Ortsteil Niederhausen<\/span><\/p>\n<ul>\n<li>Pfarrkirche St. Dominikus (Hermann-K\u00f6hl-Stra\u00dfe 7a)<\/li>\n<\/ul>\n<p>Langenau, Stadtteil H\u00f6rvelsingen<\/p>\n<ul>\n<li>Martinskirche (Schmiedgasse)<\/li>\n<\/ul>\n<p>H\u00fcttisheim, Ortsteil Humlangen<\/p>\n<ul>\n<li>Kirche St. Vitus (Lindenstra\u00dfe)<\/li>\n<\/ul>\n<p>Roggenburg<\/p>\n<ul>\n<li>Klostermuseum Roggenburg (Klosterstra\u00dfe 7)<\/li>\n<\/ul>\n<p style=\"text-align: justify;\">Weitere Informationen und Veranstaltungen gibt es unter <a href=\"http:\/\/www.tag-des-offenen-denkmals.de\" target=\"_blank\">http:\/\/www.tag-des-offenen-denkmals.de<\/a><\/p>\n","protected":false},"excerpt":{"rendered":"<p>Auch in diesem Jahr gibt es wieder den &#8222;Tag des offenen Denkmals&#8220; von der Deutschen Stiftung Denkmalschutz. In Ulm und Umgebung haben folgende Denkm\u00e4ler ge\u00f6ffnet: Ulm (inkl. Oststadt und Weststadt) Fort Friedrichsau, Werk XLI der Bundesfestung Ulm (im Park Friedrichsau) Obere Donaubastion, Werk I der Bundesfestung Ulm (Schillerstra\u00dfe 1) ehem. Offizierskasino (Zinglerstra\u00dfe 70) Reichsst\u00e4dtischer Salzstadel&#8230;<\/p>\n<p class=\"more-link-wrap\"><a href=\"https:\/\/bildvogt.eu\/wordpress\/2016\/09\/07\/tag-des-offenen-denkmals-am-11-9-2016\/\" class=\"more-link\">Weiterlesen<span class=\"screen-reader-text\"> &ldquo;Tag des offenen Denkmals am 11.9.2016&rdquo;<\/span> &raquo;<\/a><\/p>\n","protected":false},"author":1,"featured_media":114,"comment_status":"open","ping_status":"open","sticky":false,"template":"","format":"standard","meta":{"footnotes":""},"categories":[1,51],"tags":[55,56,26],"class_list":["post-113","post","type-post","status-publish","format-standard","has-post-thumbnail","hentry","category-allgemein","category-ulm","tag-denkmal","tag-denkmalschutz","tag-ulm"],"_links":{"self":[{"href":"https:\/\/bildvogt.eu\/wordpress\/wp-json\/wp\/v2\/posts\/113","targetHints":{"allow":["GET"]}}],"collection":[{"href":"https:\/\/bildvogt.eu\/wordpress\/wp-json\/wp\/v2\/posts"}],"about":[{"href":"https:\/\/bildvogt.eu\/wordpress\/wp-json\/wp\/v2\/types\/post"}],"author":[{"embeddable":true,"href":"https:\/\/bildvogt.eu\/wordpress\/wp-json\/wp\/v2\/users\/1"}],"replies":[{"embeddable":true,"href":"https:\/\/bildvogt.eu\/wordpress\/wp-json\/wp\/v2\/comments?post=113"}],"version-history":[{"count":2,"href":"https:\/\/bildvogt.eu\/wordpress\/wp-json\/wp\/v2\/posts\/113\/revisions"}],"predecessor-version":[{"id":116,"href":"https:\/\/bildvogt.eu\/wordpress\/wp-json\/wp\/v2\/posts\/113\/revisions\/116"}],"wp:featuredmedia":[{"embeddable":true,"href":"https:\/\/bildvogt.eu\/wordpress\/wp-json\/wp\/v2\/media\/114"}],"wp:attachment":[{"href":"https:\/\/bildvogt.eu\/wordpress\/wp-json\/wp\/v2\/media?parent=113"}],"wp:term":[{"taxonomy":"category","embeddable":true,"href":"https:\/\/bildvogt.eu\/wordpress\/wp-json\/wp\/v2\/categories?post=113"},{"taxonomy":"post_tag","embeddable":true,"href":"https:\/\/bildvogt.eu\/wordpress\/wp-json\/wp\/v2\/tags?post=113"}],"curies":[{"name":"wp","href":"https:\/\/api.w.org\/{rel}","templated":true}]}}