{"id":1037,"date":"2022-09-25T07:46:24","date_gmt":"2022-09-25T05:46:24","guid":{"rendered":"http:\/\/emvee.de\/wordpress\/?p=1037"},"modified":"2022-09-25T11:37:21","modified_gmt":"2022-09-25T09:37:21","slug":"boehse-onkelz-bigbox-allgaeu","status":"publish","type":"post","link":"https:\/\/bildvogt.eu\/wordpress\/2022\/09\/25\/boehse-onkelz-bigbox-allgaeu\/","title":{"rendered":"B\u00f6hse Onkelz \/\/ bigBOX Allg\u00e4u"},"content":{"rendered":"\n<p>Menschen jeglicher Couleur, vom Dreik\u00e4sehoch bis zum Rentner, feiern weitestgehend friedlich (gut, ein paar Deppen, die sich nicht im Griff haben, gibts leider immer), Bier und Schwei\u00df flie\u00dfen in Str\u00f6men, hier und da brechen Pogos aus, und 7500 Kehlen singen begeistert jeden einzelnen Song textsicher mit \u2013 nach zweifacher pandemiebedingter Verschiebung des Konzerts hatten die &#8222;Neffen und Nichten&#8220; endlich wieder Grund zu feiern: Die Frankfurter Rockband B\u00f6hse Onkelz holt derzeit ihre Geburtstags-Tournee zum 40-J\u00e4hrigen Bestehen nach und traten am 23. September in der bigBOX in Kempten auf \u2013\u00a0der vorletzte Stopp der Tour.<\/p>\n\n\n\n<p>Schon vor dem Konzert herrscht auf der Kotterner Stra\u00dfe vor der Halle Partystimmung, viele Fans machen Selfies oder Gruppenbilder vor dem altehrw\u00fcrdigen und reaktivierten MAN-Doppeldeckerbus des sozial engagierten B.O.S.C. (B\u00f6hse Onkelz Social Club), und die Schlange zum Anstehen vor dem Einlass reicht einmal um die gesamte Halle \u2013&nbsp;Zeit genug, sich schon vorher ein paar Bierchen hinter die Binde zu kippen.<\/p>\n\n\n\n<p>F\u00fcr mich als langj\u00e4hrigen Fan der Gruppe war es das erste Mal, dass ich auf einem Onkelz-Konzert fotografieren durfte, und es ist schon eine ziemliche Herausforderung \u2013&nbsp;nicht nur hat man ein enges Zeitlimit (das in der ein oder anderen Form ja bei fast jedem gr\u00f6\u00dferen Konzert \u00fcblich ist), die B\u00fchne ist \u00fcber zwei Meter hoch und die B\u00fchnenmonitore blockieren die Sicht zus\u00e4tzlich (Pe hab ich leider gar nicht draufbekommen), im Fotograben sind etliche Security-Leute und andere Helfer unterwegs, und aus den Reihen der Fans muss man jederzeit mit einer unfreiwilligen Bierdusche rechnen. Gut beleuchtet wars allemal, daf\u00fcr sorgten allein schon die riesigen LED-Videoleinw\u00e4nde, die \u00fcber die gesamte B\u00fchnenbreite aufgestellt waren, von dem her war ein Rumfrickeln an den Einstellungen zu Beginn fast unn\u00f6tig.<\/p>\n\n\n\n<p>Nach dem Opener &#8222;Hier sind die Onkelz&#8220; vom gleichnamigen 1995er Album und dem alten Gassenhauer &#8222;So sind wir&#8220; von &#8222;Kneipenterroristen&#8220; (1988) musste ich den Graben wieder verlassen \u2013 \u00fcber den Backstagebereich gings wieder zur\u00fcck vor die Halle (von drau\u00dfen konnte man dann &#8222;Der nette Mann&#8220; h\u00f6ren, der lange Jahre wegen angeblicher Jugendgef\u00e4hrdung auf dem Index stand \u2013 nach dem Augenma\u00df m\u00fcssten heute viele Titel indiziert werden, aber das nur am Rande), Kamera flugs im Auto verstaut, Arbeitshemd (&#8222;Der tut nix, der will nur fotografieren&#8220;) abgelegt, Bier geschnappt (Halbe f\u00fcr 5\u20ac) und dann ab zum abfeiern in die Halle bis kurz vor Mitternacht \u2013\u00a0inklusive Pogo, auf die Fresse fallen, wieder Aufrappeln und Bierduschen.<\/p>\n\n\n\n<p>B\u00f6hse Onkelz:<br>&#8211; Kevin Russell (Gesang)<br>&#8211; Stephan Weidner (Bass, Gesang)<br>&#8211; Matt &#8222;Gonzo&#8220; R\u00f6hr (Gitarre, Gesang)<br>&#8211; Pe Schorowsky (Schlagzeug)<br>&#8211; als Gast: Vincent R\u00f6hr am Keyboard<\/p>\n\n\n\n<p><a rel=\"noreferrer noopener\" href=\"http:\/\/www.onkelz.de\" target=\"_blank\">www.onkelz.de<\/a><br><a rel=\"noreferrer noopener\" href=\"http:\/\/www.bosc.de\" target=\"_blank\">www.bosc.de<\/a><br><a href=\"http:\/\/www.bigboxallgaeu.de\" target=\"_blank\" rel=\"noreferrer noopener\">www.bigboxallgaeu.de<\/a><\/p>\n\n\n\n<p>Next Stop: Ganes, ROXY Ulm, 29.9.!<\/p>\n\n\n\n<figure class=\"wp-block-image size-large\"><img loading=\"lazy\" decoding=\"async\" width=\"1024\" height=\"684\" src=\"http:\/\/emvee.de\/wordpress\/wp-content\/uploads\/2022\/09\/IMG7112-1024x684.jpg\" alt=\"\" class=\"wp-image-1038\" srcset=\"https:\/\/bildvogt.eu\/wordpress\/wp-content\/uploads\/2022\/09\/IMG7112-1024x684.jpg 1024w, https:\/\/bildvogt.eu\/wordpress\/wp-content\/uploads\/2022\/09\/IMG7112-300x200.jpg 300w, https:\/\/bildvogt.eu\/wordpress\/wp-content\/uploads\/2022\/09\/IMG7112-768x513.jpg 768w, https:\/\/bildvogt.eu\/wordpress\/wp-content\/uploads\/2022\/09\/IMG7112-1536x1025.jpg 1536w, https:\/\/bildvogt.eu\/wordpress\/wp-content\/uploads\/2022\/09\/IMG7112.jpg 2000w\" sizes=\"auto, (max-width: 1024px) 100vw, 1024px\" \/><figcaption>Gitarrist Gonzo<\/figcaption><\/figure>\n\n\n\n<figure class=\"wp-block-image size-large\"><img loading=\"lazy\" decoding=\"async\" width=\"1024\" height=\"684\" src=\"http:\/\/emvee.de\/wordpress\/wp-content\/uploads\/2022\/09\/IMG7116-1024x684.jpg\" alt=\"\" class=\"wp-image-1039\" srcset=\"https:\/\/bildvogt.eu\/wordpress\/wp-content\/uploads\/2022\/09\/IMG7116-1024x684.jpg 1024w, https:\/\/bildvogt.eu\/wordpress\/wp-content\/uploads\/2022\/09\/IMG7116-300x200.jpg 300w, https:\/\/bildvogt.eu\/wordpress\/wp-content\/uploads\/2022\/09\/IMG7116-768x513.jpg 768w, https:\/\/bildvogt.eu\/wordpress\/wp-content\/uploads\/2022\/09\/IMG7116-1536x1025.jpg 1536w, https:\/\/bildvogt.eu\/wordpress\/wp-content\/uploads\/2022\/09\/IMG7116.jpg 2000w\" sizes=\"auto, (max-width: 1024px) 100vw, 1024px\" \/><figcaption>Bassist und Kopf der Band Stephan Weidner, solo als &#8222;Der W&#8220; unterwegs<\/figcaption><\/figure>\n\n\n\n<figure class=\"wp-block-image size-large\"><img loading=\"lazy\" decoding=\"async\" width=\"1024\" height=\"684\" src=\"http:\/\/emvee.de\/wordpress\/wp-content\/uploads\/2022\/09\/IMG7189-1024x684.jpg\" alt=\"\" class=\"wp-image-1040\" srcset=\"https:\/\/bildvogt.eu\/wordpress\/wp-content\/uploads\/2022\/09\/IMG7189-1024x684.jpg 1024w, https:\/\/bildvogt.eu\/wordpress\/wp-content\/uploads\/2022\/09\/IMG7189-300x200.jpg 300w, https:\/\/bildvogt.eu\/wordpress\/wp-content\/uploads\/2022\/09\/IMG7189-768x513.jpg 768w, https:\/\/bildvogt.eu\/wordpress\/wp-content\/uploads\/2022\/09\/IMG7189-1536x1025.jpg 1536w, https:\/\/bildvogt.eu\/wordpress\/wp-content\/uploads\/2022\/09\/IMG7189.jpg 2000w\" sizes=\"auto, (max-width: 1024px) 100vw, 1024px\" \/><\/figure>\n\n\n\n<figure class=\"wp-block-image size-large\"><img loading=\"lazy\" decoding=\"async\" width=\"1024\" height=\"682\" src=\"http:\/\/emvee.de\/wordpress\/wp-content\/uploads\/2022\/09\/IMG7020-1024x682.jpg\" alt=\"\" class=\"wp-image-1041\" srcset=\"https:\/\/bildvogt.eu\/wordpress\/wp-content\/uploads\/2022\/09\/IMG7020-1024x682.jpg 1024w, https:\/\/bildvogt.eu\/wordpress\/wp-content\/uploads\/2022\/09\/IMG7020-300x200.jpg 300w, https:\/\/bildvogt.eu\/wordpress\/wp-content\/uploads\/2022\/09\/IMG7020-768x512.jpg 768w, https:\/\/bildvogt.eu\/wordpress\/wp-content\/uploads\/2022\/09\/IMG7020-1536x1024.jpg 1536w, https:\/\/bildvogt.eu\/wordpress\/wp-content\/uploads\/2022\/09\/IMG7020.jpg 2000w\" sizes=\"auto, (max-width: 1024px) 100vw, 1024px\" \/><figcaption>Der Bus des B.O.S.C.<\/figcaption><\/figure>\n\n\n\n<p>Setliste<\/p>\n\n\n\n<ol class=\"wp-block-list\"><li>Hier sind die Onkelz<\/li><li>So sind wir<\/li><li>Der nette Mann<\/li><li>Finde die Wahrheit<\/li><li>Kuchen und Bier<\/li><li>Stunde des Siegers<\/li><li>Ich bin in dir (Version 2001)<\/li><li>Gehasst, verdammt, verg\u00f6ttert<\/li><li>Leere Worte<\/li><li>Ein Hoch auf die Toten<\/li><li>Narben<\/li><li>Sch\u00f6ne neue Welt<\/li><li>Kirche<\/li><li>Benutz mich<\/li><li>Terpentin<\/li><li>Nur die Besten sterben jung<\/li><li>Fl\u00fcgel f\u00fcr dich<\/li><li>Die Erinnerung tanzt in meinem Kopf<\/li><li>Keine Amnestie f\u00fcr MTV<\/li><li>Wir ham&#8216; noch lange nicht genug<\/li><li>Oratorium \/ Heilige Lieder<\/li><li>Auf gute Freunde<\/li><li>Mexico<\/li><li>Nichts ist f\u00fcr die Ewigkeit<\/li><li>Viva los tioz<\/li><\/ol>\n\n\n\n<p><\/p>\n","protected":false},"excerpt":{"rendered":"<p>Menschen jeglicher Couleur, vom Dreik\u00e4sehoch bis zum Rentner, feiern weitestgehend friedlich (gut, ein paar Deppen, die sich nicht im Griff haben, gibts leider immer), Bier und Schwei\u00df flie\u00dfen in Str\u00f6men, hier und da brechen Pogos aus, und 7500 Kehlen singen begeistert jeden einzelnen Song textsicher mit \u2013 nach zweifacher pandemiebedingter Verschiebung des Konzerts hatten die&#8230;<\/p>\n<p class=\"more-link-wrap\"><a href=\"https:\/\/bildvogt.eu\/wordpress\/2022\/09\/25\/boehse-onkelz-bigbox-allgaeu\/\" class=\"more-link\">Weiterlesen<span class=\"screen-reader-text\"> &ldquo;B\u00f6hse Onkelz \/\/ bigBOX Allg\u00e4u&rdquo;<\/span> &raquo;<\/a><\/p>\n","protected":false},"author":1,"featured_media":1042,"comment_status":"open","ping_status":"open","sticky":false,"template":"","format":"standard","meta":{"footnotes":""},"categories":[19],"tags":[325,440,139,74,36,429,20,21,28,27,23],"class_list":["post-1037","post","type-post","status-publish","format-standard","has-post-thumbnail","hentry","category-konzertfotografie","tag-bigbox-allgaeu","tag-boehse-onkelz","tag-buehne","tag-gig","tag-gitarre","tag-hardrock","tag-konzert","tag-konzertfotografie","tag-live","tag-musik","tag-rock"],"_links":{"self":[{"href":"https:\/\/bildvogt.eu\/wordpress\/wp-json\/wp\/v2\/posts\/1037","targetHints":{"allow":["GET"]}}],"collection":[{"href":"https:\/\/bildvogt.eu\/wordpress\/wp-json\/wp\/v2\/posts"}],"about":[{"href":"https:\/\/bildvogt.eu\/wordpress\/wp-json\/wp\/v2\/types\/post"}],"author":[{"embeddable":true,"href":"https:\/\/bildvogt.eu\/wordpress\/wp-json\/wp\/v2\/users\/1"}],"replies":[{"embeddable":true,"href":"https:\/\/bildvogt.eu\/wordpress\/wp-json\/wp\/v2\/comments?post=1037"}],"version-history":[{"count":12,"href":"https:\/\/bildvogt.eu\/wordpress\/wp-json\/wp\/v2\/posts\/1037\/revisions"}],"predecessor-version":[{"id":1054,"href":"https:\/\/bildvogt.eu\/wordpress\/wp-json\/wp\/v2\/posts\/1037\/revisions\/1054"}],"wp:featuredmedia":[{"embeddable":true,"href":"https:\/\/bildvogt.eu\/wordpress\/wp-json\/wp\/v2\/media\/1042"}],"wp:attachment":[{"href":"https:\/\/bildvogt.eu\/wordpress\/wp-json\/wp\/v2\/media?parent=1037"}],"wp:term":[{"taxonomy":"category","embeddable":true,"href":"https:\/\/bildvogt.eu\/wordpress\/wp-json\/wp\/v2\/categories?post=1037"},{"taxonomy":"post_tag","embeddable":true,"href":"https:\/\/bildvogt.eu\/wordpress\/wp-json\/wp\/v2\/tags?post=1037"}],"curies":[{"name":"wp","href":"https:\/\/api.w.org\/{rel}","templated":true}]}}